{"id":5764,"date":"2024-12-17T17:16:43","date_gmt":"2024-12-17T16:16:43","guid":{"rendered":"http:\/\/icosim.de\/es\/blog\/2024\/12\/17\/vorankuendigungicosim-webinar-mi-02-apr-2\/"},"modified":"2025-06-13T08:01:38","modified_gmt":"2025-06-13T06:01:38","slug":"seminario-web-de-icosim","status":"publish","type":"post","link":"https:\/\/icosim.de\/es\/seminario-web-de-icosim\/","title":{"rendered":"Seminario web de ICOSIM: El eje CCL5-CCR5 | La clave cient\u00edfica para la medicina dental sist\u00e9mica e integrativa \u2013 Mi\u00e9rcoles, 2 de abril"},"content":{"rendered":"\t\t<div data-elementor-type=\"post\" data-elementor-id=\"5764\" class=\"elementor elementor-5764\" data-elementor-settings=\"[]\">\n\t\t\t<div class=\"elementor-inner\">\n\t\t\t\t<div class=\"elementor-section-wrap\">\n\t\t\t\t\t\t\t<section data-id=\"a421eb1\" class=\"elementor-element elementor-element-a421eb1 elementor-section-boxed elementor-section-height-default elementor-section-height-default elementor-section elementor-top-section\" data-element_type=\"section\">\n\t\t\t\t\t\t<div class=\"elementor-container elementor-column-gap-default\">\n\t\t\t\t<div class=\"elementor-row\">\n\t\t\t\t<div data-id=\"95400c3\" class=\"elementor-element elementor-element-95400c3 elementor-column elementor-col-100 elementor-top-column\" data-element_type=\"column\">\n\t\t\t<div class=\"elementor-column-wrap  elementor-element-populated\">\n\t\t\t\t\t<div class=\"elementor-widget-wrap\">\n\t\t\t\t<div data-id=\"62ec9b3\" class=\"elementor-element elementor-element-62ec9b3 elementor-widget elementor-widget-text-editor\" data-element_type=\"text-editor.default\">\n\t\t\t\t<div class=\"elementor-widget-container\">\n\t\t\t\t\t<div class=\"elementor-text-editor elementor-clearfix\"><div style=\"color: #78c3dc; font-family: 'Open Sans', Helvetica, sans-serif; font-size: 32px; letter-spacing: normal;\"><span style=\"color: #78c3dc; font-weight: bold;\">ICOSIM-Webinar: Die CCL5-CCR5-Achse | Der wissenschaftliche Schl\u00fcssel zur systemisch-integrativen ZahnMedizin<\/span><\/div><\/div>\n\t\t\t\t<\/div>\n\t\t\t\t<\/div>\n\t\t\t\t<div data-id=\"40f7aae\" class=\"elementor-element elementor-element-40f7aae elementor-widget elementor-widget-text-editor\" data-element_type=\"text-editor.default\">\n\t\t\t\t<div class=\"elementor-widget-container\">\n\t\t\t\t\t<div class=\"elementor-text-editor elementor-clearfix\"><strong>Datum:<\/strong> Mi, 02. Apr 2025 18:30 per Zoom<\/div>\n\t\t\t\t<\/div>\n\t\t\t\t<\/div>\n\t\t\t\t<div data-id=\"303b3f0\" class=\"elementor-element elementor-element-303b3f0 elementor-widget elementor-widget-text-editor\" data-element_type=\"text-editor.default\">\n\t\t\t\t<div class=\"elementor-widget-container\">\n\t\t\t\t\t<div class=\"elementor-text-editor elementor-clearfix\"><table>\n<tbody>\n<tr>\n<td><b>Kompakt und verst\u00e4ndlich dargestellt in 60 Minuten:<\/b> Wie die CCL5-CCR5-Achse als zentraler biochemischer Mechanismus entz\u00fcndliche Prozesse und Immunantworten moduliert und welche systemischen Auswirkungen chronische osteoimmunologisch relevante Entz\u00fcndungen des Kiefermarks (FDOK) auf den gesamten K\u00f6rper haben k\u00f6nnen.<\/td>\n<td style=\"border: none;\"><\/td>\n<\/tr>\n<\/tbody>\n<\/table><\/div>\n\t\t\t\t<\/div>\n\t\t\t\t<\/div>\n\t\t\t\t<div data-id=\"8f5b3c8\" class=\"elementor-element elementor-element-8f5b3c8 elementor-align-center elementor-widget elementor-widget-button\" data-element_type=\"button.default\">\n\t\t\t\t<div class=\"elementor-widget-container\">\n\t\t\t\t\t<div class=\"elementor-button-wrapper\">\n\t\t\t<a href=\"https:\/\/weiterbildung.icosim.de\/es\/webinare-dr-lechner-202562917970\" class=\"elementor-button-link elementor-button elementor-size-sm\" target=\"_blank\" role=\"button\">\n\t\t\t\t\t\t<span class=\"elementor-button-content-wrapper\">\n\t\t\t\t\t\t<span class=\"elementor-button-text\">Anmeldung & Details<\/span>\n\t\t<\/span>\n\t\t\t\t\t<\/a>\n\t\t<\/div>\n\t\t\t\t<\/div>\n\t\t\t\t<\/div>\n\t\t\t\t\t\t<\/div>\n\t\t\t<\/div>\n\t\t<\/div>\n\t\t\t\t\t\t<\/div>\n\t\t\t<\/div>\n\t\t<\/section>\n\t\t\t\t\t\t<\/div>\n\t\t\t<\/div>\n\t\t<\/div>\n\t\t","protected":false},"excerpt":{"rendered":"<p>ICOSIM-Webinar: Die CCL5-CCR5-Achse | Der wissenschaftliche Schl\u00fcssel zur systemisch-integrativen ZahnMedizinDatum: Mi, 02. Apr 2025 18:30 per Zoom Kompakt und verst\u00e4ndlich dargestellt in 60 Minuten: Wie die CCL5-CCR5-Achse als zentraler biochemischer Mechanismus entz\u00fcndliche Prozesse und Immunantworten moduliert und welche systemischen Auswirkungen chronische osteoimmunologisch relevante Entz\u00fcndungen des Kiefermarks (FDOK) auf den gesamten K\u00f6rper haben k\u00f6nnen. Anmeldung &amp; [&hellip;]<\/p>\n","protected":false},"author":1,"featured_media":5515,"comment_status":"open","ping_status":"open","sticky":false,"template":"","format":"standard","meta":{"footnotes":""},"categories":[54],"tags":[],"class_list":["post-5764","post","type-post","status-publish","format-standard","has-post-thumbnail","hentry","category-events"],"_links":{"self":[{"href":"https:\/\/icosim.de\/es\/wp-json\/wp\/v2\/posts\/5764","targetHints":{"allow":["GET"]}}],"collection":[{"href":"https:\/\/icosim.de\/es\/wp-json\/wp\/v2\/posts"}],"about":[{"href":"https:\/\/icosim.de\/es\/wp-json\/wp\/v2\/types\/post"}],"author":[{"embeddable":true,"href":"https:\/\/icosim.de\/es\/wp-json\/wp\/v2\/users\/1"}],"replies":[{"embeddable":true,"href":"https:\/\/icosim.de\/es\/wp-json\/wp\/v2\/comments?post=5764"}],"version-history":[{"count":7,"href":"https:\/\/icosim.de\/es\/wp-json\/wp\/v2\/posts\/5764\/revisions"}],"predecessor-version":[{"id":6157,"href":"https:\/\/icosim.de\/es\/wp-json\/wp\/v2\/posts\/5764\/revisions\/6157"}],"wp:featuredmedia":[{"embeddable":true,"href":"https:\/\/icosim.de\/es\/wp-json\/wp\/v2\/media\/5515"}],"wp:attachment":[{"href":"https:\/\/icosim.de\/es\/wp-json\/wp\/v2\/media?parent=5764"}],"wp:term":[{"taxonomy":"category","embeddable":true,"href":"https:\/\/icosim.de\/es\/wp-json\/wp\/v2\/categories?post=5764"},{"taxonomy":"post_tag","embeddable":true,"href":"https:\/\/icosim.de\/es\/wp-json\/wp\/v2\/tags?post=5764"}],"curies":[{"name":"wp","href":"https:\/\/api.w.org\/{rel}","templated":true}]}}