{"id":5331,"date":"2023-10-13T08:00:37","date_gmt":"2023-10-13T06:00:37","guid":{"rendered":"http:\/\/icosim.de\/es\/?p=5331"},"modified":"2025-06-16T06:53:24","modified_gmt":"2025-06-16T04:53:24","slug":"26-icosim-weekly-de","status":"publish","type":"post","link":"https:\/\/icosim.de\/es\/26-icosim-weekly-de\/","title":{"rendered":"26. ICOSIM Weekly <br><br>1. C\u00f3mo gestionar de forma responsable la exposici\u00f3n a la radiaci\u00f3n<br>2. Reserve la fecha: Congreso Internacional de Odontolog\u00eda Integrativa, 1 y 2 de diciembre de 2023"},"content":{"rendered":"\t\t<div data-elementor-type=\"post\" data-elementor-id=\"5331\" class=\"elementor elementor-5331\" data-elementor-settings=\"[]\">\n\t\t\t<div class=\"elementor-inner\">\n\t\t\t\t<div class=\"elementor-section-wrap\">\n\t\t\t\t\t\t\t<section data-id=\"a49dadc\" class=\"elementor-element elementor-element-a49dadc elementor-section-boxed elementor-section-height-default elementor-section-height-default elementor-section elementor-top-section\" data-element_type=\"section\">\n\t\t\t\t\t\t<div class=\"elementor-container elementor-column-gap-default\">\n\t\t\t\t<div class=\"elementor-row\">\n\t\t\t\t<div data-id=\"3b1b93e\" class=\"elementor-element elementor-element-3b1b93e elementor-column elementor-col-100 elementor-top-column\" data-element_type=\"column\">\n\t\t\t<div class=\"elementor-column-wrap  elementor-element-populated\">\n\t\t\t\t\t<div class=\"elementor-widget-wrap\">\n\t\t\t\t<div data-id=\"1b5a5b0\" class=\"elementor-element elementor-element-1b5a5b0 elementor-widget elementor-widget-text-editor\" data-element_type=\"text-editor.default\">\n\t\t\t\t<div class=\"elementor-widget-container\">\n\t\t\t\t\t<div class=\"elementor-text-editor elementor-clearfix\"><h2><strong>Liebe Freunde des ICOSIM und der Osteoimmunologie des Kieferknochens,<\/strong><\/h2><div><strong>\u00a0<\/strong><\/div><div><p><span style=\"font-size: 18px; font-family: inherit; font-weight: inherit;\">Sowohl unter dem Aspekt des Patientenschutzes als auch unter forensischen Gesichtspunkten lohnt es, sich die aktuelle S2k-Leitlinie (Langfassung) zu <\/span><span style=\"font-size: 18px; font-family: inherit;\"><b><u>Strahlenexposition DVT -rechtfertigende Indikation<\/u><\/b><\/span><span style=\"font-size: 18px; font-family: inherit; font-weight: inherit;\"> durchzulesen.<\/span><\/p><p>F\u00fcr uns wissenschaftsorientiere ICOSIM-Mitglieder zitiere ich hier vier Punkte aus der Sicht einer <b>strahlenfreien Ultraschall-Sonographie<\/b> <b>in der ZMK-Heilkunde<\/b>:<\/p><p>\u00a0<\/p><p><b style=\"color: #333333; font-size: 28px;\"><span style=\"color: #00ccff;\">1.I. Dentale digitale Volumentomographie \u2013 DVT<\/span><strong>\u00a0<\/strong><\/b><\/p><p><span style=\"font-size: 14px; font-family: inherit;\"><b>AWMF-Registernummer: 083-005 Stand: Dezember 2022 G\u00fcltig bis: Dezember 2027<\/b><\/span><\/p><p><span style=\"font-size: 18px; font-family: inherit; font-weight: inherit;\">Der implantologische Operateur sollte sich \u00fcber die mit dem DVT verbundenen gegen\u00fcber der zweidimensionalen Bildgebung <\/span><span style=\"font-size: 18px; font-family: inherit;\"><b>erh\u00f6hten Strahlenbelastung<\/b><\/span><span style=\"font-size: 18px; font-family: inherit; font-weight: inherit;\"> bewusst sein.<\/span><\/p><p>\u2026..Dessen unbesehen kann die dreidimensionale Bildgebung bei orofazialen Pathologien und Erkrankungen der Kieferknochen sowie einer Reihe spezifischer Indikationen dennoch gerechtfertigt sein (European Commission 2012; Kapila und Nervina 2015; P. Jaju und S. Jaju 2015). Die rechtfertigende Indikation erfordert die Feststellung, dass der gesundheitliche Nutzen der Anwendung gegen\u00fcber dem Strahlenrisiko \u00fcberwiegt. <b>Andere Verfahren mit vergleichbarem gesundheitlichem Nutzen, die mit <u>keiner oder einer geringeren Strahlenexposition<\/u> verbunden sind, sind bei der Abw\u00e4gung zu ber\u00fccksichtigen.<\/b><\/p><p>\u2026\u2026 Wobei die durch eine R\u00f6ntgenuntersuchung bedingte Strahlenexposition so weit einzuschr\u00e4nken ist, wie dies mit den Erfordernissen der medizinischen Wissenschaft zu vereinbaren ist <b>(ALARA-Prinzip). Zu ber\u00fccksichtigen ist bei der Auswahl des jeweiligen Verfahrens, dass die DVT-Anwendung mit der mindestens 10fachen effektiven Dosis im Vergleich zur intraoralen Tubus- oder Aufbissaufnahme verbunden ist<\/b>.<\/p><p>Da f\u00fcr die Anwendung der DVT-Technik im Kindes- und Jugendalter bei vielen Fragestellungen noch keine hinreichende Evidenz vorliegt, ist die Indikation im Einzelfall sorgf\u00e4ltig abzuw\u00e4gen (European Commission 2004; European Commission 2012). Eine ersatzweise Anfertigung einer DVT-Aufnahme <b>ausschlie\u00dflich zur anschlie\u00dfenden Berechnung von zweidimensionalen Aufnahmen<\/b> (z. B. Panoramarekonstruktion oder Fernr\u00f6ntgen-Seitenaufnahme) ist<b> aus Strahlenschutzgr\u00fcnden<\/b> nicht gerechtfertigt.<\/p><p><span style=\"font-size: 18px; font-family: inherit; font-weight: inherit;\">\u00a0<\/span><\/p><p><span style=\"font-size: 18px; font-family: inherit; font-weight: inherit;\">In der Anwendung sollte grunds\u00e4tzlich das <\/span><span style=\"font-size: 18px; font-family: inherit;\"><b>international etablierte ALARA-Prinzip<\/b><\/span><span style=\"font-size: 18px; font-family: inherit; font-weight: inherit;\"> verfolgt werden. Zunehmend wird auch das ALADA (as low as diagnostically acceptable) \u2013 Prinzip angewendet, welches den Fokus auf die Optimierung der Strahlendosis in der medizinischen Bilddiagnostik legt, wie es vom Nation Council on Radiation Protection and Measurements (NCRP) vorgeschlagen wurde (White u. a. 2012; Yeung, Jacobs und Bornstein 2019).\u00a0<\/span><\/p><p><span style=\"font-size: 18px; font-family: inherit;\"><b>Risikoabsch\u00e4tzungen sind bei niedrigen Dosiswerten schwierig und basieren haupts\u00e4chlich auf der Auswertung von Kohorten von \u00dcberlebenden der Atombombenabw\u00fcrfe in Japan 1945 in Kombination mit der im Strahlenschutz international akzeptierten \u201cLinear No Threshold (LNT)- Annahme\u201d (BEIR 2006)<\/b><\/span><span style=\"font-size: 18px; font-family: inherit; font-weight: inherit;\">.\u00a0<\/span><\/p><p><span style=\"font-size: 18px; font-family: inherit; font-weight: inherit;\">Das gesch\u00e4tzte Risiko durch die Exposition mit ionisierender Strahlung einer <\/span><span style=\"font-size: 18px; font-family: inherit;\"><b>DVT-Aufnahme zu versterben<\/b><\/span> <span style=\"font-size: 18px; font-family: inherit;\"><b>(risk of exposure-induced death (REID)(BEIR 2006)) liegt im Mittel zwischen 6 F\u00e4llen pro einer Million<\/b><\/span><span style=\"font-size: 18px; font-family: inherit; font-weight: inherit;\"> (Pauwels, Cockmartin u. a. 2014), wobei es im Durchschnitt f\u00fcr Frauen im Vergleich zu M\u00e4nnern um 40% erh\u00f6ht ist (Pauwels, Cockmartin u. a. 2014). Eine andere Studie berechnete f\u00fcr Zehnj\u00e4hrige ein doppelt so hohes Risiko, wie f\u00fcr die Exposition Drei\u00dfigj\u00e4hriger (Yeh und Chen 2018).<\/span><\/p><p>Im Sinne des im Strahlenschutz bekannten Optimierungsprinzips sollten die M\u00f6glichkeiten zum <b><u>Einsatz dosissparender Techniken<\/u><\/b>, insbesondere bei der Anfertigung von DVT-Aufnahmen bei Kindern und S2k-Leitlinie \u201eDentale digitale Volumentomographie\u201c Langfassung Stand Dezember 2022<sup>\u00a9<\/sup> AR\u00f6, DGZMK 16 Jugendlichen, <b>soweit m\u00f6glich, ausgesch\u00f6pft werden (Bundesregierung BRD 2018)<\/b>.<\/p><p>\u00a0<\/p><p><span style=\"font-size: 28px; font-weight: bold; font-family: inherit; color: #00ccff;\">II. Knochendichte und DVT<\/span><span style=\"color: #333333; font-size: 28px; font-family: inherit; font-weight: bolder;\">\u00a0<\/span><span style=\"font-size: 28px; font-weight: bolder; color: #333333;\">\u00a0<\/span><\/p><p><span style=\"font-size: 18px; font-family: inherit; font-weight: inherit;\">Bei der DVT ist zudem zu beachten, dass aufgrund des lokalen Tomographieeffektes au\u00dferhalb des bilderzeugenden FOV gelegene Strukturen zu einem erh\u00f6hten Bildrauschen f\u00fchren k\u00f6nnen (Arai u. a. 1999; Daatselaar, van der Stelt und Weenen 2004; Katsumata u. a. 2009).<\/span><\/p><p><span style=\"font-size: 18px; font-family: inherit;\"><b>Periimplantitisdiagostik: So ist zum Beispiel eine Diagnostik der unmittelbaren periimplant\u00e4ren Umgebung (beispielsweise Osseointegration eines Zahnimplantats) aufgrund von Artefakten im DVT und der CT nur eingeschr\u00e4nkt m\u00f6glich<\/b><\/span><span style=\"font-size: 18px; font-family: inherit; font-weight: inherit;\"> (Draenert u. a. 2007; Schulze, Berndt und d\u2019Hoedt 2010). <\/span><b><span style=\"font-size: 18px; font-family: inherit;\">Inwieweit die DVT vor dem Hintergrund der in der unmittelbaren Umgebung der Implantatabbildung vorhandenen Abbildungsfehler m\u00f6glich ist, kann auf Basis der derzeitigen wissenschaftlichen Datenlage nicht sicher gekl\u00e4rt werden.<\/span><span style=\"font-size: 18px; font-family: inherit;\">\u00a0<\/span><\/b><\/p><p><b><span style=\"font-size: 18px; font-family: inherit;\">\u00a0<\/span><\/b><\/p><p><span style=\"font-size: 28px; font-family: inherit; font-weight: bold; color: #00ccff;\">III: Ist Hounsfield im DV<\/span><span style=\"color: #00ccff; font-size: 28px; font-weight: bold; font-family: inherit;\">T\u00a0<\/span><span style=\"color: #00ccff; font-family: inherit; font-size: 28px; font-weight: bold;\">validiert?<\/span><\/p><p>Es existieren derzeit keine randomisierten oder kontrollierten Studien am Patienten, die den Nutzen einer dreidimensionalen Diagnostik hinsichtlich der Qualit\u00e4t des Operationsergebnisses und\/oder der H\u00e4ufigkeit von Komplikationen in der Implantologie belegen.<\/p><p>Allerdings ist anzumerken, dass Vergleiche des Rauschens unter DVT-Ger\u00e4ten oder zur CT derzeit nicht valide sind, da <b>die hierf\u00fcr erforderliche Kalibrierung der Hounsfield-Einheiten derzeit bei keinem DVTGer\u00e4t gegeben ist<\/b> (Blendl u. a. 2012; Pauwels, Jacobs u. a. 2015).<\/p><p><span style=\"font-size: 18px; font-family: inherit; font-weight: inherit;\">Die abgebildeten Grauwerte in der DVT sind, anders als in der \u00fcber die Hounsfield-Skala normierten Werte der CT, <\/span><span style=\"font-size: 18px; font-family: inherit;\"><b>nicht standardisiert<\/b><\/span><span style=\"font-size: 18px; font-family: inherit; font-weight: inherit;\">. <u>Daher ist zwischen verschiedenen Ger\u00e4ten eine quantitative Verwendung der Grauwerte bei DVT-Aufnahmen, beispielsweise zur Knochendichtesch\u00e4tzung, nicht m\u00f6glich<\/u> (Bornstein, W. Scarfe u. a. 2014).<\/span><\/p><p><span style=\"font-size: 18px; font-family: inherit; font-weight: inherit;\">\u00a0<\/span><\/p><p style=\"font-size: 18px;\"><span style=\"font-size: 28px; font-family: inherit; font-weight: bold; color: #00ccff;\">III: Ist Hounsfield im DV<\/span><span style=\"font-size: 28px; color: #00ccff; font-weight: bold; font-family: inherit;\">T\u00a0<\/span><span style=\"font-size: 28px; color: #00ccff; font-family: inherit; font-weight: bold;\">validiert?<\/span><\/p><p style=\"font-size: 18px;\"><span style=\"font-size: 18px; font-family: inherit; font-weight: inherit;\">a) Strahlenbelastung ist sch\u00e4dlich; ihre immunologische Unbedenklichkeit ist nicht belegt. International gilt die <\/span><b style=\"font-family: inherit;\">Linear No Threshold (LNT)- Annahme<\/b><span style=\"font-size: 18px; font-family: inherit; font-weight: inherit;\">. Es gibt also keinen verl\u00e4sslichen \u201eSchwellenwert\u201c, da der Summationseffekt von Strahlendosen ihrer gesundheitlichen Nachhaltigkeit widerspricht.<\/span><\/p><p>b) Bildrauschen und Abbildungsfehler in der unmittelbaren Implantat-Umgebung schr\u00e4nken die DVT-Aussagen ein.<\/p><p><b><u>c) Hounsfield-Units im DVT sind weder validiert noch verl\u00e4sslich<\/u><\/b>.<\/p><p><b style=\"font-family: inherit;\"><u>d) Dazu m\u00f6ge sich jeder nach seiner medizinischen und forensischen Verantwortung selbst weitere Gedanken machen!<\/u><\/b><\/p><p><b style=\"font-family: inherit;\"><u>\u00a0<\/u><\/b><\/p><p><span style=\"color: #00ccff;\"><span style=\"font-family: inherit;\">Es gilt also folgendes Prinzip, welches Sie auch bei <b>Fortbildungen,<\/b> wie\u00a0 einer\u00a0<\/span><b><a style=\"font-size: 18px; font-family: inherit; outline-style: initial; outline-width: 0px; color: #00ccff; background-color: #ffffff;\" href=\"http:\/\/www.cavitau.de\/\"><span style=\"font-size: 18px;\">CaviTAU<\/span><\/a><span style=\"font-family: inherit; font-size: 13.5px; height: 0px; line-height: 0; position: relative; bottom: 1ex; top: -0.5em;\">\u00ae\u00a0<\/span><\/b><span style=\"font-family: inherit;\"><b>&#8211; Schulung,<\/b> lernen:\u00a0<\/span><span style=\"font-size: 18px; font-family: inherit;\"><b>Erst OPG, dann Ultraschall-Befundung und erst wenn Ultraschall-Befundung positiv , dann DVT wegen Strahlenschutz-Gesetz (ALARA-Prinzip).<\/b><\/span><\/span><\/p><p class=\"MsoNormal\">\u00a0<\/p><\/div><\/div>\n\t\t\t\t<\/div>\n\t\t\t\t<\/div>\n\t\t\t\t\t\t<\/div>\n\t\t\t<\/div>\n\t\t<\/div>\n\t\t\t\t\t\t<\/div>\n\t\t\t<\/div>\n\t\t<\/section>\n\t\t\t\t<section data-id=\"c985d2d\" class=\"elementor-element elementor-element-c985d2d elementor-section-boxed elementor-section-height-default elementor-section-height-default elementor-section elementor-top-section\" data-element_type=\"section\">\n\t\t\t\t\t\t<div class=\"elementor-container elementor-column-gap-default\">\n\t\t\t\t<div class=\"elementor-row\">\n\t\t\t\t<div data-id=\"7d2dc12\" class=\"elementor-element elementor-element-7d2dc12 elementor-column elementor-col-100 elementor-top-column\" data-element_type=\"column\">\n\t\t\t<div class=\"elementor-column-wrap  elementor-element-populated\">\n\t\t\t\t\t<div class=\"elementor-widget-wrap\">\n\t\t\t\t<div data-id=\"b531620\" class=\"elementor-element elementor-element-b531620 elementor-widget elementor-widget-divider\" data-element_type=\"divider.default\">\n\t\t\t\t<div class=\"elementor-widget-container\">\n\t\t\t\t\t<div class=\"elementor-divider\">\n\t\t\t<span class=\"elementor-divider-separator\"><\/span>\n\t\t<\/div>\n\t\t\t\t<\/div>\n\t\t\t\t<\/div>\n\t\t\t\t\t\t<\/div>\n\t\t\t<\/div>\n\t\t<\/div>\n\t\t\t\t\t\t<\/div>\n\t\t\t<\/div>\n\t\t<\/section>\n\t\t\t\t<section data-id=\"350194c\" class=\"elementor-element elementor-element-350194c elementor-section-boxed elementor-section-height-default elementor-section-height-default elementor-section elementor-top-section\" data-element_type=\"section\">\n\t\t\t\t\t\t<div class=\"elementor-container elementor-column-gap-default\">\n\t\t\t\t<div class=\"elementor-row\">\n\t\t\t\t<div data-id=\"f14dba3\" class=\"elementor-element elementor-element-f14dba3 elementor-column elementor-col-100 elementor-top-column\" data-element_type=\"column\">\n\t\t\t<div class=\"elementor-column-wrap  elementor-element-populated\">\n\t\t\t\t\t<div class=\"elementor-widget-wrap\">\n\t\t\t\t<div data-id=\"cc84621\" class=\"elementor-element elementor-element-cc84621 elementor-widget elementor-widget-image\" data-element_type=\"image.default\">\n\t\t\t\t<div class=\"elementor-widget-container\">\n\t\t\t\t\t<div class=\"elementor-image\">\n\t\t\t\t\t\t\t\t\t\t<img loading=\"lazy\" decoding=\"async\" width=\"760\" height=\"428\" src=\"https:\/\/icosim.de\/es\/wp-content\/uploads\/sites\/9\/2023\/10\/Bild_ICIM_Kongress_23-1024x576.png\" class=\"attachment-large size-large\" alt=\"\" srcset=\"https:\/\/icosim.de\/es\/wp-content\/uploads\/sites\/9\/2023\/10\/Bild_ICIM_Kongress_23-1024x576.png 1024w, https:\/\/icosim.de\/es\/wp-content\/uploads\/sites\/9\/2023\/10\/Bild_ICIM_Kongress_23-300x169.png 300w, https:\/\/icosim.de\/es\/wp-content\/uploads\/sites\/9\/2023\/10\/Bild_ICIM_Kongress_23-768x432.png 768w, https:\/\/icosim.de\/es\/wp-content\/uploads\/sites\/9\/2023\/10\/Bild_ICIM_Kongress_23.png 1280w\" sizes=\"auto, (max-width: 760px) 100vw, 760px\" \/>\t\t\t\t\t\t\t\t\t\t\t<\/div>\n\t\t\t\t<\/div>\n\t\t\t\t<\/div>\n\t\t\t\t\t\t<\/div>\n\t\t\t<\/div>\n\t\t<\/div>\n\t\t\t\t\t\t<\/div>\n\t\t\t<\/div>\n\t\t<\/section>\n\t\t\t\t<section data-id=\"682d5df\" class=\"elementor-element elementor-element-682d5df elementor-section-boxed elementor-section-height-default elementor-section-height-default elementor-section elementor-top-section\" data-element_type=\"section\">\n\t\t\t\t\t\t<div class=\"elementor-container elementor-column-gap-default\">\n\t\t\t\t<div class=\"elementor-row\">\n\t\t\t\t<div data-id=\"e208d92\" class=\"elementor-element elementor-element-e208d92 elementor-column elementor-col-100 elementor-top-column\" data-element_type=\"column\">\n\t\t\t<div class=\"elementor-column-wrap  elementor-element-populated\">\n\t\t\t\t\t<div class=\"elementor-widget-wrap\">\n\t\t\t\t<div data-id=\"4db5d98\" class=\"elementor-element elementor-element-4db5d98 elementor-widget elementor-widget-text-editor\" data-element_type=\"text-editor.default\">\n\t\t\t\t<div class=\"elementor-widget-container\">\n\t\t\t\t\t<div class=\"elementor-text-editor elementor-clearfix\"><p style=\"text-align: center;\"><span style=\"font-size: 28px;\"><span style=\"font-size: 28px;\"><span style=\"color: #00ccff;\"><b>\u00a0<\/b><\/span><\/span><\/span><span style=\"font-size: 28px;\"><span style=\"font-size: 28px;\"><span style=\"color: #00ccff;\"><b>\u00a0<\/b><\/span><\/span><\/span><span style=\"font-size: 28px; font-family: inherit; font-weight: inherit;\"><span style=\"color: #00ccff;\"><b>2. Save The Date<\/b><\/span><\/span><span style=\"font-size: 28px; font-family: inherit; color: #333333; font-weight: bolder;\">\u00a0<\/span><\/p><p style=\"font-size: 18px; text-align: center;\"><span style=\"font-size: 18px; font-family: inherit; color: #00ccff;\"><b>Weiterbildung inmitten einer malerischen Kulisse? Sonne satt statt graue Tage?<\/b><\/span><\/p><p style=\"font-size: 18px; text-align: center;\"><span style=\"font-size: 18px; font-family: inherit; font-weight: inherit;\"><b>Hans Lechner<\/b><\/span><span style=\"font-size: 18px; font-family: inherit; font-weight: inherit;\"> und weitere Akteure, wie der Hersteller <\/span><span style=\"font-size: 18px; font-family: inherit; font-weight: inherit;\"><b>CaviTAU<sup>\u00ae<\/sup><\/b><span style=\"font-weight: inherit;\"> sind beim Internationalen Kongress f\u00fcr Integrative Zahnheilkunde in Porto &#8211; Portugal mit Workshop und Vortrag vertreten: <\/span><b>\u201eThe smouldering fire in the jawbone \u2013 Systemic diseases and neglected RANTES inflammation detected by ultrasonography.\u201d<\/b><\/span><\/p><p style=\"font-size: 18px;\"><span style=\"font-size: 18px; font-family: inherit; font-weight: inherit;\"><b>\u00a0<\/b><\/span><\/p><p class=\"MsoNormal\" style=\"text-align: center;\"><u><b>Zur A<\/b><\/u><b><u>nmeldung und f\u00fcr weitere Infos einfach auf den Button klicken,<br \/>um zur Website des Kongress zu gelangen<\/u><\/b><\/p><\/div>\n\t\t\t\t<\/div>\n\t\t\t\t<\/div>\n\t\t\t\t\t\t<\/div>\n\t\t\t<\/div>\n\t\t<\/div>\n\t\t\t\t\t\t<\/div>\n\t\t\t<\/div>\n\t\t<\/section>\n\t\t\t\t<section data-id=\"6054023\" class=\"elementor-element elementor-element-6054023 elementor-section-boxed elementor-section-height-default elementor-section-height-default elementor-section elementor-top-section\" data-element_type=\"section\">\n\t\t\t\t\t\t<div class=\"elementor-container elementor-column-gap-default\">\n\t\t\t\t<div class=\"elementor-row\">\n\t\t\t\t<div data-id=\"ffd3ae7\" class=\"elementor-element elementor-element-ffd3ae7 elementor-column elementor-col-100 elementor-top-column\" data-element_type=\"column\">\n\t\t\t<div class=\"elementor-column-wrap  elementor-element-populated\">\n\t\t\t\t\t<div class=\"elementor-widget-wrap\">\n\t\t\t\t<div data-id=\"0c71b52\" class=\"elementor-element elementor-element-0c71b52 elementor-align-center elementor-widget elementor-widget-button\" data-element_type=\"button.default\">\n\t\t\t\t<div class=\"elementor-widget-container\">\n\t\t\t\t\t<div class=\"elementor-button-wrapper\">\n\t\t\t<a href=\"https:\/\/icim.pt\/\" class=\"elementor-button-link elementor-button elementor-size-sm\" role=\"button\">\n\t\t\t\t\t\t<span class=\"elementor-button-content-wrapper\">\n\t\t\t\t\t\t<span class=\"elementor-button-text\">Zur Website<\/span>\n\t\t<\/span>\n\t\t\t\t\t<\/a>\n\t\t<\/div>\n\t\t\t\t<\/div>\n\t\t\t\t<\/div>\n\t\t\t\t\t\t<\/div>\n\t\t\t<\/div>\n\t\t<\/div>\n\t\t\t\t\t\t<\/div>\n\t\t\t<\/div>\n\t\t<\/section>\n\t\t\t\t<section data-id=\"baa7710\" class=\"elementor-element elementor-element-baa7710 elementor-section-boxed elementor-section-height-default elementor-section-height-default elementor-section elementor-top-section\" data-element_type=\"section\">\n\t\t\t\t\t\t<div class=\"elementor-container elementor-column-gap-default\">\n\t\t\t\t<div class=\"elementor-row\">\n\t\t\t\t<div data-id=\"31b680f\" class=\"elementor-element elementor-element-31b680f elementor-column elementor-col-100 elementor-top-column\" data-element_type=\"column\">\n\t\t\t<div class=\"elementor-column-wrap  elementor-element-populated\">\n\t\t\t\t\t<div class=\"elementor-widget-wrap\">\n\t\t\t\t<div data-id=\"dff886a\" class=\"elementor-element elementor-element-dff886a elementor-widget elementor-widget-text-editor\" data-element_type=\"text-editor.default\">\n\t\t\t\t<div class=\"elementor-widget-container\">\n\t\t\t\t\t<div class=\"elementor-text-editor elementor-clearfix\"><p style=\"font-size: 18px;\"><b style=\"font-family: inherit;\">\u00a0<\/b><\/p><p>\u00a0<\/p><p>Damit verbleibe ich bis zum n\u00e4chsten ICOSIM Weekly mit kollegialem Gru\u00df<\/p><p><b style=\"font-family: inherit;\">Euer Hans Lechner<\/b><\/p><p>\u00a0<\/p><\/div>\n\t\t\t\t<\/div>\n\t\t\t\t<\/div>\n\t\t\t\t\t\t<\/div>\n\t\t\t<\/div>\n\t\t<\/div>\n\t\t\t\t\t\t<\/div>\n\t\t\t<\/div>\n\t\t<\/section>\n\t\t\t\t\t\t<\/div>\n\t\t\t<\/div>\n\t\t<\/div>\n\t\t","protected":false},"excerpt":{"rendered":"<p>Liebe Freunde des ICOSIM und der Osteoimmunologie des Kieferknochens, \u00a0 Sowohl unter dem Aspekt des Patientenschutzes als auch unter forensischen Gesichtspunkten lohnt es, sich die aktuelle S2k-Leitlinie (Langfassung) zu Strahlenexposition DVT -rechtfertigende Indikation durchzulesen. F\u00fcr uns wissenschaftsorientiere ICOSIM-Mitglieder zitiere ich hier vier Punkte aus der Sicht einer strahlenfreien Ultraschall-Sonographie in der ZMK-Heilkunde: 1.I. Dentale digitale [&hellip;]<\/p>\n","protected":false},"author":1,"featured_media":0,"comment_status":"open","ping_status":"open","sticky":false,"template":"","format":"standard","meta":{"footnotes":""},"categories":[1,52],"tags":[],"class_list":["post-5331","post","type-post","status-publish","format-standard","hentry","category-allgemein","category-weekly"],"_links":{"self":[{"href":"https:\/\/icosim.de\/es\/wp-json\/wp\/v2\/posts\/5331","targetHints":{"allow":["GET"]}}],"collection":[{"href":"https:\/\/icosim.de\/es\/wp-json\/wp\/v2\/posts"}],"about":[{"href":"https:\/\/icosim.de\/es\/wp-json\/wp\/v2\/types\/post"}],"author":[{"embeddable":true,"href":"https:\/\/icosim.de\/es\/wp-json\/wp\/v2\/users\/1"}],"replies":[{"embeddable":true,"href":"https:\/\/icosim.de\/es\/wp-json\/wp\/v2\/comments?post=5331"}],"version-history":[{"count":18,"href":"https:\/\/icosim.de\/es\/wp-json\/wp\/v2\/posts\/5331\/revisions"}],"predecessor-version":[{"id":6207,"href":"https:\/\/icosim.de\/es\/wp-json\/wp\/v2\/posts\/5331\/revisions\/6207"}],"wp:attachment":[{"href":"https:\/\/icosim.de\/es\/wp-json\/wp\/v2\/media?parent=5331"}],"wp:term":[{"taxonomy":"category","embeddable":true,"href":"https:\/\/icosim.de\/es\/wp-json\/wp\/v2\/categories?post=5331"},{"taxonomy":"post_tag","embeddable":true,"href":"https:\/\/icosim.de\/es\/wp-json\/wp\/v2\/tags?post=5331"}],"curies":[{"name":"wp","href":"https:\/\/api.w.org\/{rel}","templated":true}]}}