{"id":5315,"date":"2023-09-28T09:00:37","date_gmt":"2023-09-28T07:00:37","guid":{"rendered":"http:\/\/icosim.de\/es\/?p=5315"},"modified":"2025-06-16T06:53:50","modified_gmt":"2025-06-16T04:53:50","slug":"25-icosim-weekly-de","status":"publish","type":"post","link":"https:\/\/icosim.de\/es\/25-icosim-weekly-de\/","title":{"rendered":"25. ICOSIM Weekly <br><br>Aumento fallido: la carta de una paciente documenta la necesidad de utilizar un dispositivo para medir la densidad \u00f3sea en los aumentos."},"content":{"rendered":"\t\t<div data-elementor-type=\"post\" data-elementor-id=\"5315\" class=\"elementor elementor-5315\" data-elementor-settings=\"[]\">\n\t\t\t<div class=\"elementor-inner\">\n\t\t\t\t<div class=\"elementor-section-wrap\">\n\t\t\t\t\t\t\t<section data-id=\"a49dadc\" class=\"elementor-element elementor-element-a49dadc elementor-section-boxed elementor-section-height-default elementor-section-height-default elementor-section elementor-top-section\" data-element_type=\"section\">\n\t\t\t\t\t\t<div class=\"elementor-container elementor-column-gap-default\">\n\t\t\t\t<div class=\"elementor-row\">\n\t\t\t\t<div data-id=\"3b1b93e\" class=\"elementor-element elementor-element-3b1b93e elementor-column elementor-col-100 elementor-top-column\" data-element_type=\"column\">\n\t\t\t<div class=\"elementor-column-wrap  elementor-element-populated\">\n\t\t\t\t\t<div class=\"elementor-widget-wrap\">\n\t\t\t\t<div data-id=\"1b5a5b0\" class=\"elementor-element elementor-element-1b5a5b0 elementor-widget elementor-widget-text-editor\" data-element_type=\"text-editor.default\">\n\t\t\t\t<div class=\"elementor-widget-container\">\n\t\t\t\t\t<div class=\"elementor-text-editor elementor-clearfix\"><h2><strong>Liebe Freunde des ICOSIM und der Osteoimmunologie des Kieferknochens,<\/strong><\/h2><div><strong>\u00a0<\/strong><\/div><div><p>In diesem Weekly stelle ich ein Fallbeispiel einer Patientin vor, welches die Notwendigkeit, ein Ger\u00e4t zur Messung der Knochendichte bei Augmentationen einzusetzen, dokumentiert:<\/p><p>\u201e<em>Ich habe mir vor ca. 2 Jahren ein Implantat von SDS, mit Sinuslift intern, von einem Spezialisten einsetzen lassen. Nach einer Einheilzeit von 7,5 Monaten wurde mir das Implantat wieder entfernt, da es 2 Wochen nach dem Aufsetzen der Krone zu wackeln begann. Der Zahnarzt zog das Implantat wieder heraus.<\/em><\/p><p><em>Nach der Implantatentfernung litt ich tagelang unter Schwindel. Auch habe ich seither Gelenkschmerzen, was ich vorher nie hatte.<\/em><\/p><p><em>Ich bin 58 Jahre alt und grunds\u00e4tzlich gesund, habe gute Z\u00e4hne (erster Zahnersatz) und habe ein gutes Immunsystem. Mein D3-Wert (87 ng\/ml) und andere N\u00e4hrstoffe sind laut Blutbild sehr gut vorhanden.\u00a0<\/em><\/p><p><b>Von daher ist es unklar, warum das Implantat nicht gehalten hat.\u201c<\/b><\/p><h3><b><strong><span style=\"color: #00ccff;\">Meine Antwort 1:<\/span>\u00a0<\/strong><\/b><\/h3><div><b><strong>\u00a0<\/strong><\/b><\/div><p>a) Zu Ihrem Fall:<\/p><p>Der Kollege arbeitet mit seinen Knochen-Aufbauten &#8211; wie viele andere Zahn\u00e4rzte &#8211; ohne zu wissen, ob dieser k\u00fcnstliche Versuch gelungen ist, <b>denn er hat kein Ger\u00e4t, um die Knochendichte seiner Augmentation so festzustellen, dass die inserierten Implantate nun halten oder nicht<\/b>.<\/p><p>Durch eine Ultraschall-Sonographie, durchf\u00fchrbar mit einem\u00a0<span style=\"color: #00ccff;\"><a style=\"font-size: 18px; outline-style: initial; outline-width: 0px; color: #00ccff; background-color: #ffffff;\" href=\"http:\/\/www.cavitau.de\/\"><span style=\"font-weight: bold;\">CaviTAU<\/span><\/a><\/span><span style=\"font-size: 13.5px; height: 0px; line-height: 0; position: relative; bottom: 1ex; top: -0.5em;\">\u00ae<\/span>\u00a0Ger\u00e4t, h\u00e4tte er das \u00fcberpr\u00fcfen k\u00f6nnen und das Implantat w\u00e4re nicht herausgefallen nach Belastung (da sind Sie \u00fcbrigens kein Einzelfall; das Internet ist voll von solchen Klagen).<\/p><p><b>Antwort Patientin:\u00a0<\/b><span style=\"font-size: 18px; font-family: inherit; font-weight: inherit;\">\u201e<\/span><em style=\"font-size: 18px; font-family: inherit; font-weight: inherit;\">Zudem bin ich noch immer auf der Suche nach dem richtigen Weg (Implantat und Knochenaufbau samt Material) und einem Spezialisten, dem ich diesbez\u00fcglich vertrauen kann. Meine Mutter (81 Jahre) bekam innerhalb eines Jahres sehr viele Implantate (keine SDS) eingesetzt. Ihr geht es seither k\u00f6rperlich und psychisch sehr schlecht. Mittlerweile liegen bei ihr Gutachten vor und ihr wurde geraten, Schadensersatzforderungen an diesen Zahnarzt zu stellen.&#8221;<\/em><\/p><h3><span style=\"font-weight: bold;\"><span style=\"font-size: 28px; font-weight: bolder;\"><span style=\"font-size: 28px; color: #00ccff;\">Meine Antwort 2:<\/span>\u00a0<\/span><\/span><\/h3><div><span style=\"font-weight: bold;\"><span style=\"font-size: 28px; font-weight: bolder;\">\u00a0<\/span><\/span><\/div><p><span style=\"font-size: 18px; font-family: inherit; font-weight: inherit;\">b) Das Problem liegt am ewigen R\u00f6ntgen und im Vertrauen darauf, dass R\u00f6ntgen die Knochendichte im Kiefer verl\u00e4sslich zeigt.<\/span><\/p><ol><li><span style=\"font-size: 18px; font-family: inherit; font-weight: inherit;\">VOR der Implantation &#8211; dann werden Implantate in nicht gut ausgeheilten Kiefern inseriert und der Patient leidet unter reaktivierten alten Entz\u00fcndungen (Fall Ihrer Mutter).<\/span><\/li><li><span style=\"font-size: 18px; font-family: inherit; font-weight: inherit;\">VOR der Implantation in Knochenaufbau \u2013 dann wei\u00df der Zahnarzt nicht, ob dieser Aufbau bereits so fest ausgeheilt ist, dass das Implantat h\u00e4lt (Ihr Fall)<\/span><\/li><\/ol><p><span style=\"font-size: 18px; font-family: inherit; font-weight: inherit;\">c) Um die Knochen- oder Aufbau-Dichte in Fall a) und b) zu bestimmen, besteht die M\u00f6glichkeit, die \u2013 strahlungsfreie (es gibt n\u00e4mlich auch f\u00fcr Z\u00c4 ein Strahlenschutzgesetz) \u2013 Ultraschall-Sonographie mithilfe\u00a0<\/span><span style=\"font-size: 18px; font-family: inherit; font-weight: inherit;\">von <a href=\"http:\/\/www.cavitau.de\"><b>CaviTAU<\/b><\/a><sup>\u00ae\u00a0<\/sup>zu nutzen, um F\u00e4lle a) und b) im Interesse des Patientenschutzes zu vermeiden.\u00a0<\/span><\/p><p>\u00a0<\/p><p><span style=\"font-family: inherit; font-size: 18px; font-weight: inherit;\">Leider ist die o.g. Patientin kein Einzelfall, wie das Internet in den USA zeigt:\u00a0<\/span><\/p><\/div><\/div>\n\t\t\t\t<\/div>\n\t\t\t\t<\/div>\n\t\t\t\t\t\t<\/div>\n\t\t\t<\/div>\n\t\t<\/div>\n\t\t\t\t\t\t<\/div>\n\t\t\t<\/div>\n\t\t<\/section>\n\t\t\t\t<section data-id=\"6905c53\" class=\"elementor-element elementor-element-6905c53 elementor-section-boxed elementor-section-height-default elementor-section-height-default elementor-section elementor-top-section\" data-element_type=\"section\">\n\t\t\t\t\t\t<div class=\"elementor-container elementor-column-gap-default\">\n\t\t\t\t<div class=\"elementor-row\">\n\t\t\t\t<div data-id=\"c643cc6\" class=\"elementor-element elementor-element-c643cc6 elementor-column elementor-col-100 elementor-top-column\" data-element_type=\"column\">\n\t\t\t<div class=\"elementor-column-wrap  elementor-element-populated\">\n\t\t\t\t\t<div class=\"elementor-widget-wrap\">\n\t\t\t\t<div data-id=\"09f68d4\" class=\"elementor-element elementor-element-09f68d4 elementor-widget elementor-widget-image\" data-element_type=\"image.default\">\n\t\t\t\t<div class=\"elementor-widget-container\">\n\t\t\t\t\t<div class=\"elementor-image\">\n\t\t\t\t\t\t\t\t\t\t<img loading=\"lazy\" decoding=\"async\" width=\"605\" height=\"340\" src=\"https:\/\/icosim.de\/es\/wp-content\/uploads\/sites\/9\/2023\/09\/ICOSIM_WEEKLY_25_PIC_.jpg\" class=\"attachment-large size-large\" alt=\"\" srcset=\"https:\/\/icosim.de\/es\/wp-content\/uploads\/sites\/9\/2023\/09\/ICOSIM_WEEKLY_25_PIC_.jpg 605w, https:\/\/icosim.de\/es\/wp-content\/uploads\/sites\/9\/2023\/09\/ICOSIM_WEEKLY_25_PIC_-300x169.jpg 300w\" sizes=\"auto, (max-width: 605px) 100vw, 605px\" \/>\t\t\t\t\t\t\t\t\t\t\t<\/div>\n\t\t\t\t<\/div>\n\t\t\t\t<\/div>\n\t\t\t\t\t\t<\/div>\n\t\t\t<\/div>\n\t\t<\/div>\n\t\t\t\t\t\t<\/div>\n\t\t\t<\/div>\n\t\t<\/section>\n\t\t\t\t<section data-id=\"682d5df\" class=\"elementor-element elementor-element-682d5df elementor-section-boxed elementor-section-height-default elementor-section-height-default elementor-section elementor-top-section\" data-element_type=\"section\">\n\t\t\t\t\t\t<div class=\"elementor-container elementor-column-gap-default\">\n\t\t\t\t<div class=\"elementor-row\">\n\t\t\t\t<div data-id=\"e208d92\" class=\"elementor-element elementor-element-e208d92 elementor-column elementor-col-100 elementor-top-column\" data-element_type=\"column\">\n\t\t\t<div class=\"elementor-column-wrap  elementor-element-populated\">\n\t\t\t\t\t<div class=\"elementor-widget-wrap\">\n\t\t\t\t<div data-id=\"4db5d98\" class=\"elementor-element elementor-element-4db5d98 elementor-widget elementor-widget-text-editor\" data-element_type=\"text-editor.default\">\n\t\t\t\t<div class=\"elementor-widget-container\">\n\t\t\t\t\t<div class=\"elementor-text-editor elementor-clearfix\"><p>Bitte zur wertvollen\u00a0<span style=\"color: #00ccff;\"><a style=\"font-size: 18px; outline-style: initial; outline-width: 0px; color: #00ccff; background-color: #ffffff;\" href=\"http:\/\/www.cavitau.de\/\"><span style=\"font-weight: bold;\">CaviTAU<\/span><\/a><span style=\"font-size: 13.5px; height: 0px; line-height: 0; position: relative; bottom: 1ex; top: -0.5em;\">\u00ae<\/span><\/span>-Anwendung bei Augmentationen in <span style=\"text-decoration: underline;\"><b>Band IV an Kapitel 4.5 TAU<\/b> <\/span>bei Knochenaufbau denken:<\/p><p><a href=\"https:\/\/icosim.de\/es\/wp-content\/uploads\/2023\/09\/Flyer_ICOSIM_NEU.pdf\"><span style=\"text-decoration: underline; color: #00ccff;\"><b>Neuer Flyer zu Info und Bestellung hier zum DOWNLOAD<\/b><\/span><\/a><\/p><div><p><b><strong>Die B\u00e4nde finden Sie au\u00dferdem direkt in unserem ICOSIM SHOP:<\/strong><\/b><\/p><p><span style=\"text-decoration: underline;\"><b><span style=\"color: #00ccff;\"><a style=\"color: #00ccff; text-decoration: underline;\" href=\"https:\/\/shop.icosim.de\/es\/de\/Literatur\/\">Zur SHOP Literatur-\u00dcbersicht<\/a><\/span><\/b><\/span><\/p><\/div><div><p><span style=\"text-decoration: underline; color: #00ccff;\"><b><a style=\"color: #00ccff; text-decoration: underline;\" href=\"https:\/\/shop.icosim.de\/es\/de\/BUCH-Band-I-Kavitaetenbildende-Osteolysen-des-Kieferknochens\/1001\">BUCH Band I \u201eKavit\u00e4tenbildende Osteolysen des Kieferknochens\u201c<\/a><\/b><\/span><\/p><p><b><span style=\"text-decoration: underline;\"><span style=\"color: #00ccff;\"><a style=\"color: #00ccff; text-decoration: underline;\" href=\"https:\/\/shop.icosim.de\/es\/de\/BUCH-Band-II-Histologie-Immunologie-der-kavitaetenbildenden-Osteolysen-des-Kieferknochens\/1002\">BUCH Band II \u201eHistologie &amp; Immunologie der kavit\u00e4tenbildenden Osteolysen des Kieferknochens\u201c<\/a><\/span><\/span><\/b><\/p><p><a href=\"https:\/\/shop.icosim.de\/es\/de\/BUCH-Band-III-Maxillo-Mandibulaere-Osteoimmunologie-und-chronische-Inflammation-im-Kieferknochen\/1003\"><span style=\"text-decoration: underline;\"><b><span style=\"color: #00ccff; text-decoration: underline;\">BUCH Band III &#8220;Maxillo-Mandibul\u00e4re Osteoimmunologie und chronische Inflammation im Kieferknochen&#8221;<\/span><\/b><\/span><\/a><\/p><p><b><span style=\"text-decoration: underline;\"><span style=\"color: #00ccff;\"><a style=\"color: #00ccff; text-decoration: underline;\" href=\"https:\/\/shop.icosim.de\/es\/de\/BUCH-Band-IV-Visualisierung-der-kavitaetenbilden-Osteolysen-im-Kieferknochen-mit-Sonographie\/1004\">BUCH Band IV &#8220;Visualisierung der kavit\u00e4tenbilden Osteolysen im Kieferknochen mit Sonographie&#8221;<\/a><\/span><\/span><\/b><\/p><\/div><div><p><span style=\"text-decoration: underline;\"><b><span style=\"color: #00ccff;\"><a style=\"color: #00ccff; text-decoration: underline;\" href=\"https:\/\/shop.icosim.de\/es\/de\/Kombipaket-Kavitaetenbildenden-Osteolysen-im-Kieferknochen-Band-I-bis-IV-inkl.-Buchschuber\/1000\">Kombipaket \u201cKavit\u00e4tenbildenden Osteolysen im Kieferknochen\u201c &#8211; Band I bis IV, inkl. Buchschuber<\/a><\/span><\/b><\/span><\/p><\/div><p>Ich freue mich auf Eure zahlreichen R\u00fcckmeldungen zu diesem v\u00f6llig ungekl\u00e4reten Problem in der gesamten Impanations-Chirurgie.<\/p><p>Mit bestem ICOSIM Gru\u00df<\/p><p>Euer Hans Lechner<\/p><\/div>\n\t\t\t\t<\/div>\n\t\t\t\t<\/div>\n\t\t\t\t\t\t<\/div>\n\t\t\t<\/div>\n\t\t<\/div>\n\t\t\t\t\t\t<\/div>\n\t\t\t<\/div>\n\t\t<\/section>\n\t\t\t\t\t\t<\/div>\n\t\t\t<\/div>\n\t\t<\/div>\n\t\t","protected":false},"excerpt":{"rendered":"<p>Liebe Freunde des ICOSIM und der Osteoimmunologie des Kieferknochens, \u00a0 In diesem Weekly stelle ich ein Fallbeispiel einer Patientin vor, welches die Notwendigkeit, ein Ger\u00e4t zur Messung der Knochendichte bei Augmentationen einzusetzen, dokumentiert: \u201eIch habe mir vor ca. 2 Jahren ein Implantat von SDS, mit Sinuslift intern, von einem Spezialisten einsetzen lassen. Nach einer Einheilzeit [&hellip;]<\/p>\n","protected":false},"author":1,"featured_media":0,"comment_status":"open","ping_status":"open","sticky":false,"template":"","format":"standard","meta":{"footnotes":""},"categories":[1,52],"tags":[],"class_list":["post-5315","post","type-post","status-publish","format-standard","hentry","category-allgemein","category-weekly"],"_links":{"self":[{"href":"https:\/\/icosim.de\/es\/wp-json\/wp\/v2\/posts\/5315","targetHints":{"allow":["GET"]}}],"collection":[{"href":"https:\/\/icosim.de\/es\/wp-json\/wp\/v2\/posts"}],"about":[{"href":"https:\/\/icosim.de\/es\/wp-json\/wp\/v2\/types\/post"}],"author":[{"embeddable":true,"href":"https:\/\/icosim.de\/es\/wp-json\/wp\/v2\/users\/1"}],"replies":[{"embeddable":true,"href":"https:\/\/icosim.de\/es\/wp-json\/wp\/v2\/comments?post=5315"}],"version-history":[{"count":12,"href":"https:\/\/icosim.de\/es\/wp-json\/wp\/v2\/posts\/5315\/revisions"}],"predecessor-version":[{"id":6208,"href":"https:\/\/icosim.de\/es\/wp-json\/wp\/v2\/posts\/5315\/revisions\/6208"}],"wp:attachment":[{"href":"https:\/\/icosim.de\/es\/wp-json\/wp\/v2\/media?parent=5315"}],"wp:term":[{"taxonomy":"category","embeddable":true,"href":"https:\/\/icosim.de\/es\/wp-json\/wp\/v2\/categories?post=5315"},{"taxonomy":"post_tag","embeddable":true,"href":"https:\/\/icosim.de\/es\/wp-json\/wp\/v2\/tags?post=5315"}],"curies":[{"name":"wp","href":"https:\/\/api.w.org\/{rel}","templated":true}]}}