{"id":5238,"date":"2023-09-15T11:45:37","date_gmt":"2023-09-15T09:45:37","guid":{"rendered":"http:\/\/icosim.de\/es\/blog\/2023\/08\/29\/23-icosim-weekly-de-2\/"},"modified":"2025-06-16T06:58:07","modified_gmt":"2025-06-16T04:58:07","slug":"24-icosim-weekly-de","status":"publish","type":"post","link":"https:\/\/icosim.de\/es\/24-icosim-weekly-de\/","title":{"rendered":"24. ICOSIM Weekly <br><br>1. Nueva publicaci\u00f3n en PubMed de usuarios de CaviTAU<sup>\u00ae<\/sup> <br> \u00abReducci\u00f3n de los niveles s\u00e9ricos inflamatorios de RANTES\/CCL5 mediante cirug\u00eda en pacientes con defectos de la m\u00e9dula \u00f3sea del maxilar\u00bb <br>2. Formaci\u00f3n continua: Aumento global del c\u00e1ncer y qu\u00e9 podemos hacer al respecto"},"content":{"rendered":"\t\t<div data-elementor-type=\"post\" data-elementor-id=\"5238\" class=\"elementor elementor-5238\" data-elementor-settings=\"[]\">\n\t\t\t<div class=\"elementor-inner\">\n\t\t\t\t<div class=\"elementor-section-wrap\">\n\t\t\t\t\t\t\t<section data-id=\"a49dadc\" class=\"elementor-element elementor-element-a49dadc elementor-section-boxed elementor-section-height-default elementor-section-height-default elementor-section elementor-top-section\" data-element_type=\"section\">\n\t\t\t\t\t\t<div class=\"elementor-container elementor-column-gap-default\">\n\t\t\t\t<div class=\"elementor-row\">\n\t\t\t\t<div data-id=\"3b1b93e\" class=\"elementor-element elementor-element-3b1b93e elementor-column elementor-col-100 elementor-top-column\" data-element_type=\"column\">\n\t\t\t<div class=\"elementor-column-wrap  elementor-element-populated\">\n\t\t\t\t\t<div class=\"elementor-widget-wrap\">\n\t\t\t\t<div data-id=\"1b5a5b0\" class=\"elementor-element elementor-element-1b5a5b0 elementor-widget elementor-widget-text-editor\" data-element_type=\"text-editor.default\">\n\t\t\t\t<div class=\"elementor-widget-container\">\n\t\t\t\t\t<div class=\"elementor-text-editor elementor-clearfix\"><h2><strong>Liebe Freunde des ICOSIM und der Osteoimmunologie des Kieferknochens,<\/strong><\/h2>\n<div><strong>\u00a0<\/strong><\/div>\n<ol>\n \t<li>Ich freue mich, eine neue PubMed Publikation von CaviTAU<sup>\u00ae<\/sup>-Anwendern und RANTES\/CCL5 <strong>Jawbone Detox<sup>\u00ae<\/sup>&#8211;<\/strong>Sanierern mit vorstellen zu k\u00f6nnen <strong>\u201e<\/strong><em>Reduction of Inflammatory RANTES\/CCL5 Serum Levels by Surgery in Patients with Bone Marrow Defects of the Jawbone\u201c<\/em><\/li>\n<\/ol><\/div>\n\t\t\t\t<\/div>\n\t\t\t\t<\/div>\n\t\t\t\t<div data-id=\"b69c16a\" class=\"elementor-element elementor-element-b69c16a elementor-widget elementor-widget-spacer\" data-element_type=\"spacer.default\">\n\t\t\t\t<div class=\"elementor-widget-container\">\n\t\t\t\t\t<div class=\"elementor-spacer\">\n\t\t\t<div class=\"elementor-spacer-inner\"><\/div>\n\t\t<\/div>\n\t\t\t\t<\/div>\n\t\t\t\t<\/div>\n\t\t\t\t<div data-id=\"4c9e52f\" class=\"elementor-element elementor-element-4c9e52f elementor-button-info elementor-align-center elementor-widget elementor-widget-button\" data-element_type=\"button.default\">\n\t\t\t\t<div class=\"elementor-widget-container\">\n\t\t\t\t\t<div class=\"elementor-button-wrapper\">\n\t\t\t<a href=\"https:\/\/www.dovepress.com\/articles.php?article_id=86551\" class=\"elementor-button-link elementor-button elementor-size-sm\" role=\"button\">\n\t\t\t\t\t\t<span class=\"elementor-button-content-wrapper\">\n\t\t\t\t\t\t<span class=\"elementor-button-text\">ZUM ARTIKEL<\/span>\n\t\t<\/span>\n\t\t\t\t\t<\/a>\n\t\t<\/div>\n\t\t\t\t<\/div>\n\t\t\t\t<\/div>\n\t\t\t\t<div data-id=\"c2a0af9\" class=\"elementor-element elementor-element-c2a0af9 elementor-widget elementor-widget-text-editor\" data-element_type=\"text-editor.default\">\n\t\t\t\t<div class=\"elementor-widget-container\">\n\t\t\t\t\t<div class=\"elementor-text-editor elementor-clearfix\"><p style=\"text-align: center;\">Ich freue mich, wenn die Arbeit Euch gef\u00e4llt.<\/p><\/div>\n\t\t\t\t<\/div>\n\t\t\t\t<\/div>\n\t\t\t\t\t\t<\/div>\n\t\t\t<\/div>\n\t\t<\/div>\n\t\t\t\t\t\t<\/div>\n\t\t\t<\/div>\n\t\t<\/section>\n\t\t\t\t<section data-id=\"1b52c64\" class=\"elementor-element elementor-element-1b52c64 elementor-section-boxed elementor-section-height-default elementor-section-height-default elementor-section elementor-top-section\" data-element_type=\"section\">\n\t\t\t\t\t\t<div class=\"elementor-container elementor-column-gap-default\">\n\t\t\t\t<div class=\"elementor-row\">\n\t\t\t\t<div data-id=\"eeb9ff2\" class=\"elementor-element elementor-element-eeb9ff2 elementor-column elementor-col-100 elementor-top-column\" data-element_type=\"column\">\n\t\t\t<div class=\"elementor-column-wrap  elementor-element-populated\">\n\t\t\t\t\t<div class=\"elementor-widget-wrap\">\n\t\t\t\t<div data-id=\"0c9c1b9\" class=\"elementor-element elementor-element-0c9c1b9 elementor-widget elementor-widget-divider\" data-element_type=\"divider.default\">\n\t\t\t\t<div class=\"elementor-widget-container\">\n\t\t\t\t\t<div class=\"elementor-divider\">\n\t\t\t<span class=\"elementor-divider-separator\"><\/span>\n\t\t<\/div>\n\t\t\t\t<\/div>\n\t\t\t\t<\/div>\n\t\t\t\t<div data-id=\"fd77328\" class=\"elementor-element elementor-element-fd77328 elementor-widget elementor-widget-spacer\" data-element_type=\"spacer.default\">\n\t\t\t\t<div class=\"elementor-widget-container\">\n\t\t\t\t\t<div class=\"elementor-spacer\">\n\t\t\t<div class=\"elementor-spacer-inner\"><\/div>\n\t\t<\/div>\n\t\t\t\t<\/div>\n\t\t\t\t<\/div>\n\t\t\t\t<div data-id=\"dd7fb1a\" class=\"elementor-element elementor-element-dd7fb1a elementor-widget elementor-widget-text-editor\" data-element_type=\"text-editor.default\">\n\t\t\t\t<div class=\"elementor-widget-container\">\n\t\t\t\t\t<div class=\"elementor-text-editor elementor-clearfix\"><ol start=\"2\">\n \t<li>Zum nicht ganz unproblematischen Thema KREBS stelle ich heute drei wissenschaftliche Fakten und \u2013 viertens &#8211; die Schlussfolgerung daraus zur Osteoimmunologie des Kiefers und CaviTAU<sup>\u00ae<\/sup> zusammen. Dass unser Ansatz zur RANTES\/CCL5-Sanierung und der Detektion der Quellen im Kiefer richtig ist, zeigt die obige wissenschaftliche Publikation.<\/li>\n<\/ol><\/div>\n\t\t\t\t<\/div>\n\t\t\t\t<\/div>\n\t\t\t\t<div data-id=\"a0fad2a\" class=\"elementor-element elementor-element-a0fad2a elementor-widget elementor-widget-spacer\" data-element_type=\"spacer.default\">\n\t\t\t\t<div class=\"elementor-widget-container\">\n\t\t\t\t\t<div class=\"elementor-spacer\">\n\t\t\t<div class=\"elementor-spacer-inner\"><\/div>\n\t\t<\/div>\n\t\t\t\t<\/div>\n\t\t\t\t<\/div>\n\t\t\t\t<div data-id=\"9ebdf3a\" class=\"elementor-element elementor-element-9ebdf3a elementor-widget elementor-widget-text-editor\" data-element_type=\"text-editor.default\">\n\t\t\t\t<div class=\"elementor-widget-container\">\n\t\t\t\t\t<div class=\"elementor-text-editor elementor-clearfix\"><ol style=\"list-style-type: upper-roman;\"><li><p><strong><strong>Erschreckende wissenschaftliche Statistik: Krebsf\u00e4lle bei unter 50-J\u00e4hrigen weltweit um fast 80 % in drei Jahrzehnten gestiegen, so eine Studie<\/strong><\/strong><\/p><p>\u00a0<\/p><\/li><\/ol><\/div>\n\t\t\t\t<\/div>\n\t\t\t\t<\/div>\n\t\t\t\t<div data-id=\"5415999\" class=\"elementor-element elementor-element-5415999 elementor-widget elementor-widget-image\" data-element_type=\"image.default\">\n\t\t\t\t<div class=\"elementor-widget-container\">\n\t\t\t\t\t<div class=\"elementor-image\">\n\t\t\t\t\t\t\t<figure class=\"wp-caption\">\n\t\t\t\t\t\t\t\t\t\t<img loading=\"lazy\" decoding=\"async\" width=\"760\" height=\"428\" src=\"https:\/\/icosim.de\/es\/wp-content\/uploads\/sites\/9\/2023\/08\/Folie7-1024x576.jpg\" class=\"attachment-large size-large\" alt=\"\" srcset=\"https:\/\/icosim.de\/es\/wp-content\/uploads\/sites\/9\/2023\/08\/Folie7-1024x576.jpg 1024w, https:\/\/icosim.de\/es\/wp-content\/uploads\/sites\/9\/2023\/08\/Folie7-300x169.jpg 300w, https:\/\/icosim.de\/es\/wp-content\/uploads\/sites\/9\/2023\/08\/Folie7-768x432.jpg 768w, https:\/\/icosim.de\/es\/wp-content\/uploads\/sites\/9\/2023\/08\/Folie7.jpg 1280w\" sizes=\"auto, (max-width: 760px) 100vw, 760px\" \/>\t\t\t\t\t\t\t\t\t\t\t<figcaption class=\"widget-image-caption wp-caption-text\"><\/figcaption>\n\t\t\t\t\t\t\t\t\t\t<\/figure>\n\t\t\t\t\t<\/div>\n\t\t\t\t<\/div>\n\t\t\t\t<\/div>\n\t\t\t\t<div data-id=\"b7ce85d\" class=\"elementor-element elementor-element-b7ce85d elementor-widget elementor-widget-spacer\" data-element_type=\"spacer.default\">\n\t\t\t\t<div class=\"elementor-widget-container\">\n\t\t\t\t\t<div class=\"elementor-spacer\">\n\t\t\t<div class=\"elementor-spacer-inner\"><\/div>\n\t\t<\/div>\n\t\t\t\t<\/div>\n\t\t\t\t<\/div>\n\t\t\t\t<div data-id=\"46c15c2\" class=\"elementor-element elementor-element-46c15c2 elementor-button-info elementor-align-center elementor-widget elementor-widget-button\" data-element_type=\"button.default\">\n\t\t\t\t<div class=\"elementor-widget-container\">\n\t\t\t\t\t<div class=\"elementor-button-wrapper\">\n\t\t\t<a href=\"https:\/\/www.theguardian.com\/society\/2023\/sep\/05\/cancer-cases-in-under-50s-worldwide-up-nearly-80-in-three-decades-study-finds\" class=\"elementor-button-link elementor-button elementor-size-sm\" role=\"button\">\n\t\t\t\t\t\t<span class=\"elementor-button-content-wrapper\">\n\t\t\t\t\t\t<span class=\"elementor-button-text\">ZUM ARTIKEL<\/span>\n\t\t<\/span>\n\t\t\t\t\t<\/a>\n\t\t<\/div>\n\t\t\t\t<\/div>\n\t\t\t\t<\/div>\n\t\t\t\t<div data-id=\"b703037\" class=\"elementor-element elementor-element-b703037 elementor-widget elementor-widget-text-editor\" data-element_type=\"text-editor.default\">\n\t\t\t\t<div class=\"elementor-widget-container\">\n\t\t\t\t\t<div class=\"elementor-text-editor elementor-clearfix\"><p><br \/>Mehr als eine Million Menschen unter 50 Jahren sterben jedes Jahr an Krebs, und die Zahl wird bis 2030 voraussichtlich um weitere 21 % steigen. Die Zahl der weltweiten F\u00e4lle von Krebs im Fr\u00fchstadium ist von 1,82 Millionen im Jahr 1990 auf 3,26 Millionen im Jahr 2019 gestiegen, w\u00e4hrend die Zahl der Krebstodesf\u00e4lle bei Erwachsenen im Alter von 40, 30 Jahren oder j\u00fcnger um 27 % zunahm.<\/p><p>Mehr als eine Million Menschen unter 50 Jahren sterben jetzt jedes Jahr an Krebs, so die Studie.<\/p><p>Die Autoren der Studie, ver\u00f6ffentlicht in <a href=\"https:\/\/bmjoncology.bmj.com\/content\/2\/1\/e000049\" target=\"_blank\" rel=\"noopener\">BMJ Oncology<\/a>, weisen darauf hin, dass schlechte Ern\u00e4hrung, Alkohol- und Tabakkonsum, Bewegungsmangel und Fettleibigkeit wahrscheinlich zu den Faktoren geh\u00f6ren.<\/p><p>&#8220;Seit 1990 haben die Inzidenz und die Todesf\u00e4lle bei Krebserkrankungen im Fr\u00fchstadium weltweit erheblich zugenommen&#8221;, hei\u00dft es in dem Bericht. &#8220;Die F\u00f6rderung einer gesunden Lebensweise, einschlie\u00dflich einer gesunden Ern\u00e4hrung, der Einschr\u00e4nkung des Tabak- und Alkoholkonsums und angemessener Bewegung im Freien, k\u00f6nnte die Belastung durch Krebs im Fr\u00fchstadium verringern.\u201c<\/p><p>Die j\u00fcngste Studie unter der Leitung der Universit\u00e4t Edinburgh in Schottland und der Zhejiang University School of Medicine in Hangzhou, China, war die erste ihrer Art, die das Thema auf globaler Ebene und die Risikofaktoren f\u00fcr j\u00fcngere Erwachsene untersuchte. Die meisten der bisherigen Studien konzentrierten sich auf regionale und nationale Unterschiede. In dieser globalen Studie analysierten die Forscher <strong>Daten aus 204 L\u00e4ndern zu 29 Krebsarten<\/strong>.<\/p><p>Im Jahr 2019 wurden bei den unter 50-J\u00e4hrigen insgesamt 3,26 Millionen neue Krebsdiagnosen gestellt, was einem Anstieg von 79 % gegen\u00fcber 1990 entspricht. Mit 13,7 bzw. 3,5 F\u00e4llen pro 100.000 Einwohner der Weltbev\u00f6lkerung war Brustkrebs die h\u00e4ufigste Krebserkrankung und der h\u00e4ufigste Todesfall.<\/p><p>Im Jahr 2019 starben insgesamt 1,06 Millionen Menschen unter 50 Jahren an Krebs, was einem Anstieg von 27 % gegen\u00fcber dem Jahr 1990 entspricht. Nach Brustkrebs wurden die meisten Todesf\u00e4lle mit Krebserkrankungen der Luftr\u00f6hre, der Lunge, des Magens und des Darms in Verbindung gebracht.<\/p><p>Auf der Grundlage der in den letzten drei Jahrzehnten beobachteten Trends sch\u00e4tzen die Forscher, dass die Zahl der neuen Krebsf\u00e4lle und der damit verbundenen Todesf\u00e4lle bis 2030 weltweit um weitere 31 % bzw. 21 % steigen wird, wobei Menschen in den 40ern am st\u00e4rksten gef\u00e4hrdet sind.<\/p><p>Dr. Claire Knight, eine leitende Managerin f\u00fcr Gesundheitsinformationen bei Cancer Research UK, die nicht an der Studie beteiligt war, sagte, es sei noch nicht klar, was der Grund f\u00fcr diesen Trend sei, und mahnte zur Vorsicht. &#8220;Wenn Menschen sich Sorgen um ihr Krebsrisiko machen, gibt es viele M\u00f6glichkeiten, dieses zu verringern, z. B. nicht zu rauchen, sich ausgewogen zu ern\u00e4hren, sich viel zu bewegen und sich in der Sonne zu sch\u00fctzen.<\/p><\/div>\n\t\t\t\t<\/div>\n\t\t\t\t<\/div>\n\t\t\t\t<div data-id=\"f311ace\" class=\"elementor-element elementor-element-f311ace elementor-widget elementor-widget-spacer\" data-element_type=\"spacer.default\">\n\t\t\t\t<div class=\"elementor-widget-container\">\n\t\t\t\t\t<div class=\"elementor-spacer\">\n\t\t\t<div class=\"elementor-spacer-inner\"><\/div>\n\t\t<\/div>\n\t\t\t\t<\/div>\n\t\t\t\t<\/div>\n\t\t\t\t\t\t<\/div>\n\t\t\t<\/div>\n\t\t<\/div>\n\t\t\t\t\t\t<\/div>\n\t\t\t<\/div>\n\t\t<\/section>\n\t\t\t\t<section data-id=\"29eff57\" class=\"elementor-element elementor-element-29eff57 elementor-section-boxed elementor-section-height-default elementor-section-height-default elementor-section elementor-top-section\" data-element_type=\"section\">\n\t\t\t\t\t\t<div class=\"elementor-container elementor-column-gap-default\">\n\t\t\t\t<div class=\"elementor-row\">\n\t\t\t\t<div data-id=\"fea9b63\" class=\"elementor-element elementor-element-fea9b63 elementor-column elementor-col-100 elementor-top-column\" data-element_type=\"column\">\n\t\t\t<div class=\"elementor-column-wrap  elementor-element-populated\">\n\t\t\t\t\t<div class=\"elementor-widget-wrap\">\n\t\t\t\t<div data-id=\"a40d2c4\" class=\"elementor-element elementor-element-a40d2c4 elementor-widget elementor-widget-text-editor\" data-element_type=\"text-editor.default\">\n\t\t\t\t<div class=\"elementor-widget-container\">\n\t\t\t\t\t<div class=\"elementor-text-editor elementor-clearfix\"><ol style=\"list-style-type: upper-roman;\" start=\"2\"><li><p><strong>Fakt #2: Krebs und RANTES \/ CCL5<\/strong><\/p><\/li><\/ol><\/div>\n\t\t\t\t<\/div>\n\t\t\t\t<\/div>\n\t\t\t\t<div data-id=\"206ca4b\" class=\"elementor-element elementor-element-206ca4b elementor-widget elementor-widget-text-editor\" data-element_type=\"text-editor.default\">\n\t\t\t\t<div class=\"elementor-widget-container\">\n\t\t\t\t\t<div class=\"elementor-text-editor elementor-clearfix\">Was sagt die wissenschaftliche Literatur \u00fcber RANTES\/CCL5 und Tumore?\nDie Suche nach &#8220;Cancer review &#8230; or Breast cancer &#8230;or Prostate cancer&#8230;or Colon cancer AND RANTES CCL5&#8221; in der Wissenschaftsdatenbank GoogleScholar liefert \u00fcberraschende Ergebnisse:\n<\/div>\n\t\t\t\t<\/div>\n\t\t\t\t<\/div>\n\t\t\t\t<div data-id=\"2a3667c\" class=\"elementor-element elementor-element-2a3667c elementor-widget elementor-widget-image\" data-element_type=\"image.default\">\n\t\t\t\t<div class=\"elementor-widget-container\">\n\t\t\t\t\t<div class=\"elementor-image\">\n\t\t\t\t\t\t\t\t\t\t<img loading=\"lazy\" decoding=\"async\" width=\"605\" height=\"230\" src=\"https:\/\/icosim.de\/es\/wp-content\/uploads\/sites\/9\/2023\/08\/Google-Scholar.png\" class=\"attachment-large size-large\" alt=\"Google Scholar\" srcset=\"https:\/\/icosim.de\/es\/wp-content\/uploads\/sites\/9\/2023\/08\/Google-Scholar.png 605w, https:\/\/icosim.de\/es\/wp-content\/uploads\/sites\/9\/2023\/08\/Google-Scholar-300x114.png 300w\" sizes=\"auto, (max-width: 605px) 100vw, 605px\" \/>\t\t\t\t\t\t\t\t\t\t\t<\/div>\n\t\t\t\t<\/div>\n\t\t\t\t<\/div>\n\t\t\t\t\t\t<\/div>\n\t\t\t<\/div>\n\t\t<\/div>\n\t\t\t\t\t\t<\/div>\n\t\t\t<\/div>\n\t\t<\/section>\n\t\t\t\t<section data-id=\"c1d191a\" class=\"elementor-element elementor-element-c1d191a elementor-section-boxed elementor-section-height-default elementor-section-height-default elementor-section elementor-top-section\" data-element_type=\"section\">\n\t\t\t\t\t\t<div class=\"elementor-container elementor-column-gap-default\">\n\t\t\t\t<div class=\"elementor-row\">\n\t\t\t\t<div data-id=\"f029c95\" class=\"elementor-element elementor-element-f029c95 elementor-column elementor-col-100 elementor-top-column\" data-element_type=\"column\">\n\t\t\t<div class=\"elementor-column-wrap  elementor-element-populated\">\n\t\t\t\t\t<div class=\"elementor-widget-wrap\">\n\t\t\t\t<div data-id=\"3486b44\" class=\"elementor-element elementor-element-3486b44 elementor-widget elementor-widget-spacer\" data-element_type=\"spacer.default\">\n\t\t\t\t<div class=\"elementor-widget-container\">\n\t\t\t\t\t<div class=\"elementor-spacer\">\n\t\t\t<div class=\"elementor-spacer-inner\"><\/div>\n\t\t<\/div>\n\t\t\t\t<\/div>\n\t\t\t\t<\/div>\n\t\t\t\t<div data-id=\"944d0f9\" class=\"elementor-element elementor-element-944d0f9 elementor-widget elementor-widget-text-editor\" data-element_type=\"text-editor.default\">\n\t\t\t\t<div class=\"elementor-widget-container\">\n\t\t\t\t\t<div class=\"elementor-text-editor elementor-clearfix\"><ol style=\"list-style-type: upper-roman;\" start=\"3\"><li><p><strong>Fakt #3: RANTES \/ CCL5 und CaviTAU<sup>\u00ae<\/sup><\/strong><\/p><\/li><\/ol><\/div>\n\t\t\t\t<\/div>\n\t\t\t\t<\/div>\n\t\t\t\t<div data-id=\"7395c89\" class=\"elementor-element elementor-element-7395c89 elementor-widget elementor-widget-text-editor\" data-element_type=\"text-editor.default\">\n\t\t\t\t<div class=\"elementor-widget-container\">\n\t\t\t\t\t<div class=\"elementor-text-editor elementor-clearfix\"><p>Untersuchungen zeigen, dass auff\u00e4llige Knochenerweichungen im Kiefer (FDOK) ein weitverbreitetes, fast epidemisches Ph\u00e4nomen in alten Extraktions- und Implantation-Stellen sind. Bitte nachlesen unter:<\/p><ol><li>Lechner J, von Baehr V. RANTES and fibroblast growth factor 2 in jawbone cavitations: triggers for systemic disease? Int. Jour. of General Medicine; 2013:6 Pages 277 \u2013 290, DOI:\u00a0<a href=\"https:\/\/dx.doi.org\/10.2147\/IJGM.S43852\" target=\"_blank\" rel=\"noopener\">https:\/\/dx.doi.org\/10.2147\/IJGM.S43852<\/a><\/li><li>Lechner J, von Baehr V. Hyperactivated Signaling Pathways of Chemokine RANTES\/CCL5 in Osteopathies of Jawbone in Breast Cancer Patients\u2014Case Report and Research. Breast Cancer: Basic and Clinical Research 2014:8 89\u201396 DOI.\u00a0<a href=\"https:\/\/doi.org\/10.4137%2FBCBCR.S15119\" target=\"_blank\" rel=\"noopener\">https:\/\/doi.org\/10.4137%2FBCBCR.S15119<\/a><\/li><li>Lechner J, Schmidt M, von Baehr V, Schick F. Undetected Jawbone Marrow Defects as Inflammatory and Degenerative Signaling Pathways: Chemokine RANTES\/CCL5 as a Possible Link Between the Jawbone and Systemic Interactions?. J Inflamm Res. 2021;14:1603-1612.\u00a0<a href=\"https:\/\/doi.org\/10.2147\/JIR.S307635\" target=\"_blank\" rel=\"noopener\">https:\/\/doi.org\/10.2147\/JIR.S307635<\/a><\/li><li>Lechner J, Schulz T, Lejeune B, von Baehr V. Jawbone Cavitation Expressed RANTES\/CCL5: Case Studies Linking Silent Inflammation in the Jawbone with Epistemology of Breast Cancer. Breast Cancer (Dove Med Press). 2021;13:225-240\u00a0<a href=\"https:\/\/doi.org\/10.2147\/BCTT.S295488\" target=\"_blank\" rel=\"noopener\">https:\/\/doi.org\/10.2147\/BCTT.S295488<\/a><br \/><br \/><\/li><\/ol><\/div>\n\t\t\t\t<\/div>\n\t\t\t\t<\/div>\n\t\t\t\t\t\t<\/div>\n\t\t\t<\/div>\n\t\t<\/div>\n\t\t\t\t\t\t<\/div>\n\t\t\t<\/div>\n\t\t<\/section>\n\t\t\t\t<section data-id=\"8c1f6d4\" class=\"elementor-element elementor-element-8c1f6d4 elementor-section-boxed elementor-section-height-default elementor-section-height-default elementor-section elementor-top-section\" data-element_type=\"section\">\n\t\t\t\t\t\t<div class=\"elementor-container elementor-column-gap-default\">\n\t\t\t\t<div class=\"elementor-row\">\n\t\t\t\t<div data-id=\"b3daa1e\" class=\"elementor-element elementor-element-b3daa1e elementor-column elementor-col-100 elementor-top-column\" data-element_type=\"column\">\n\t\t\t<div class=\"elementor-column-wrap  elementor-element-populated\">\n\t\t\t\t\t<div class=\"elementor-widget-wrap\">\n\t\t\t\t<div data-id=\"6dfd649\" class=\"elementor-element elementor-element-6dfd649 elementor-widget elementor-widget-text-editor\" data-element_type=\"text-editor.default\">\n\t\t\t\t<div class=\"elementor-widget-container\">\n\t\t\t\t\t<div class=\"elementor-text-editor elementor-clearfix\"><ol style=\"list-style-type: upper-roman;\" start=\"4\"><li><p><strong>Die Logik aus #1 + #2 + #3 ergibt den ICOSIM-Vorschlag zur Frage Krebs: <\/strong><\/p><\/li><\/ol><\/div>\n\t\t\t\t<\/div>\n\t\t\t\t<\/div>\n\t\t\t\t<div data-id=\"b774ba9\" class=\"elementor-element elementor-element-b774ba9 elementor-widget elementor-widget-text-editor\" data-element_type=\"text-editor.default\">\n\t\t\t\t<div class=\"elementor-widget-container\">\n\t\t\t\t\t<div class=\"elementor-text-editor elementor-clearfix\"><ol><li>W\u00e4re nicht ein<strong> systematisches Screening nach \u201eSilent Inflammation<\/strong>\u201c im Kiefer und damit nach <strong>potentiell krebsausl\u00f6senden RANTES\/CCL5 \u201eHerden\u201c <\/strong>\u00a0strahlenfrei und unbelastend mit Ultraschall-Sonographie CaviTAU\u00ae eine <strong>vorbeugende und revolution\u00e4re Erg\u00e4nzung <\/strong>zum rauch- und fleischfreien bewegungsarmen Leben?<\/li><li>W\u00e4re nicht <strong>die systematische Ursachensuche der Krebs-Entwicklung mit Aufdeckung der \u201eSilent Inflammation\u201c im Kiefer mit strahlungsfreiem Ultraschall die wirkungsvollere Erg\u00e4nzung zur vieldiskutierten R\u00f6ntgen-Mammographie?<\/strong><\/li><\/ol><\/div>\n\t\t\t\t<\/div>\n\t\t\t\t<\/div>\n\t\t\t\t\t\t<\/div>\n\t\t\t<\/div>\n\t\t<\/div>\n\t\t\t\t\t\t<\/div>\n\t\t\t<\/div>\n\t\t<\/section>\n\t\t\t\t<section data-id=\"250688a\" class=\"elementor-element elementor-element-250688a elementor-section-boxed elementor-section-height-default elementor-section-height-default elementor-section elementor-top-section\" data-element_type=\"section\">\n\t\t\t\t\t\t<div class=\"elementor-container elementor-column-gap-default\">\n\t\t\t\t<div class=\"elementor-row\">\n\t\t\t\t<div data-id=\"6b1c269\" class=\"elementor-element elementor-element-6b1c269 elementor-column elementor-col-100 elementor-top-column\" data-element_type=\"column\">\n\t\t\t<div class=\"elementor-column-wrap  elementor-element-populated\">\n\t\t\t\t\t<div class=\"elementor-widget-wrap\">\n\t\t\t\t<div data-id=\"504c449\" class=\"elementor-element elementor-element-504c449 elementor-widget elementor-widget-spacer\" data-element_type=\"spacer.default\">\n\t\t\t\t<div class=\"elementor-widget-container\">\n\t\t\t\t\t<div class=\"elementor-spacer\">\n\t\t\t<div class=\"elementor-spacer-inner\"><\/div>\n\t\t<\/div>\n\t\t\t\t<\/div>\n\t\t\t\t<\/div>\n\t\t\t\t<div data-id=\"eb1e37e\" class=\"elementor-element elementor-element-eb1e37e elementor-widget elementor-widget-text-editor\" data-element_type=\"text-editor.default\">\n\t\t\t\t<div class=\"elementor-widget-container\">\n\t\t\t\t\t<div class=\"elementor-text-editor elementor-clearfix\">Damit verbleibe ich bis zum n\u00e4chsten ICOSIM-Weekly mit kollegialem Gru\u00df\n<br><br>\nEuer<br>\n<b>Hans Lechner<\/b><\/div>\n\t\t\t\t<\/div>\n\t\t\t\t<\/div>\n\t\t\t\t\t\t<\/div>\n\t\t\t<\/div>\n\t\t<\/div>\n\t\t\t\t\t\t<\/div>\n\t\t\t<\/div>\n\t\t<\/section>\n\t\t\t\t\t\t<\/div>\n\t\t\t<\/div>\n\t\t<\/div>\n\t\t","protected":false},"excerpt":{"rendered":"<p>Liebe Freunde des ICOSIM und der Osteoimmunologie des Kieferknochens, \u00a0 Ich freue mich, eine neue PubMed Publikation von CaviTAU\u00ae-Anwendern und RANTES\/CCL5 Jawbone Detox\u00ae&#8211;Sanierern mit vorstellen zu k\u00f6nnen \u201eReduction of Inflammatory RANTES\/CCL5 Serum Levels by Surgery in Patients with Bone Marrow Defects of the Jawbone\u201c ZUM ARTIKEL Ich freue mich, wenn die Arbeit Euch gef\u00e4llt. Zum [&hellip;]<\/p>\n","protected":false},"author":1,"featured_media":0,"comment_status":"open","ping_status":"open","sticky":false,"template":"","format":"standard","meta":{"footnotes":""},"categories":[1,52],"tags":[],"class_list":["post-5238","post","type-post","status-publish","format-standard","hentry","category-allgemein","category-weekly"],"_links":{"self":[{"href":"https:\/\/icosim.de\/es\/wp-json\/wp\/v2\/posts\/5238","targetHints":{"allow":["GET"]}}],"collection":[{"href":"https:\/\/icosim.de\/es\/wp-json\/wp\/v2\/posts"}],"about":[{"href":"https:\/\/icosim.de\/es\/wp-json\/wp\/v2\/types\/post"}],"author":[{"embeddable":true,"href":"https:\/\/icosim.de\/es\/wp-json\/wp\/v2\/users\/1"}],"replies":[{"embeddable":true,"href":"https:\/\/icosim.de\/es\/wp-json\/wp\/v2\/comments?post=5238"}],"version-history":[{"count":43,"href":"https:\/\/icosim.de\/es\/wp-json\/wp\/v2\/posts\/5238\/revisions"}],"predecessor-version":[{"id":6209,"href":"https:\/\/icosim.de\/es\/wp-json\/wp\/v2\/posts\/5238\/revisions\/6209"}],"wp:attachment":[{"href":"https:\/\/icosim.de\/es\/wp-json\/wp\/v2\/media?parent=5238"}],"wp:term":[{"taxonomy":"category","embeddable":true,"href":"https:\/\/icosim.de\/es\/wp-json\/wp\/v2\/categories?post=5238"},{"taxonomy":"post_tag","embeddable":true,"href":"https:\/\/icosim.de\/es\/wp-json\/wp\/v2\/tags?post=5238"}],"curies":[{"name":"wp","href":"https:\/\/api.w.org\/{rel}","templated":true}]}}