{"id":4664,"date":"2023-04-28T07:50:37","date_gmt":"2023-04-28T05:50:37","guid":{"rendered":"http:\/\/icosim.de\/es\/blog\/2023\/04\/11\/12-icosim-weekly-1-grosses-oster-review-nico-diskussion-zwischen-uni-heidelberg-und-fdok-praktikern-2-reminder-erfurt-und-muenchen-osteo-osseo-vortraege-und-2\/"},"modified":"2025-05-29T15:28:53","modified_gmt":"2025-05-29T13:28:53","slug":"13-icosim-weekly-lechner-dozent-an-uni-dresden-lechner-referent-dgfan-kongress-erfurt-japan-patenturkunde-cavitau-safe-the-date-reminder-schweiz-osteo-osseo-vortraege","status":"publish","type":"post","link":"https:\/\/icosim.de\/es\/13-icosim-weekly-lechner-dozent-an-uni-dresden-lechner-referent-dgfan-kongress-erfurt-japan-patenturkunde-cavitau-safe-the-date-reminder-schweiz-osteo-osseo-vortraege\/","title":{"rendered":"13. ICOSIM Weekly \u2013 Lechner como docente en la Universidad de Dresde \u2013 Lechner, ponente en el Congreso DGfAN en Erfurt &#8211; Patente en Jap\u00f3n: CaviTAU<sup>\u00ae<\/sup>&#8211; Guarda la fecha: Recordatorio: Conferencias y talleres sobre CaviTAU<sup>\u00ae<\/sup> en Suiza, Osteo\/Osseo"},"content":{"rendered":"\t\t<div data-elementor-type=\"post\" data-elementor-id=\"4664\" class=\"elementor elementor-4664\" data-elementor-settings=\"[]\">\n\t\t\t<div class=\"elementor-inner\">\n\t\t\t\t<div class=\"elementor-section-wrap\">\n\t\t\t\t\t\t\t<section data-id=\"29ad7855\" class=\"elementor-element elementor-element-29ad7855 elementor-section-boxed elementor-section-height-default elementor-section-height-default elementor-section elementor-top-section\" data-element_type=\"section\">\n\t\t\t\t\t\t<div class=\"elementor-container elementor-column-gap-default\">\n\t\t\t\t<div class=\"elementor-row\">\n\t\t\t\t<div data-id=\"2323ce3e\" class=\"elementor-element elementor-element-2323ce3e elementor-column elementor-col-100 elementor-top-column\" data-element_type=\"column\">\n\t\t\t<div class=\"elementor-column-wrap  elementor-element-populated\">\n\t\t\t\t\t<div class=\"elementor-widget-wrap\">\n\t\t\t\t<div data-id=\"2ba27ca8\" class=\"elementor-element elementor-element-2ba27ca8 elementor-widget elementor-widget-text-editor\" data-element_type=\"text-editor.default\">\n\t\t\t\t<div class=\"elementor-widget-container\">\n\t\t\t\t\t<div class=\"elementor-text-editor elementor-clearfix\"><h2>Liebe ICOSIM Freunde und Mitglieder,<\/h2><\/div>\n\t\t\t\t<\/div>\n\t\t\t\t<\/div>\n\t\t\t\t<div data-id=\"562d2aa\" class=\"elementor-element elementor-element-562d2aa elementor-widget elementor-widget-text-editor\" data-element_type=\"text-editor.default\">\n\t\t\t\t<div class=\"elementor-widget-container\">\n\t\t\t\t\t<div class=\"elementor-text-editor elementor-clearfix\"><ol>\n \t<li>mehr und mehr erkennen auch die Universit\u00e4ten unser Potential: \nHans Lechner ist als <b style=\"font-size:20px;\">Dozent<\/b> eingeladen \u00fcber <b style=\"font-size:20px;\"><i>\u201eChronic Dental Inflammation\u201c<\/i><\/b> an der Weiterbildungsuniversit\u00e4t der <b style=\"font-size:20px;\"><i>Dresden International University<\/i><\/b> in f\u00fcnf Unterrichtseinheiten zu referieren. \n<\/li>\n<\/ol><\/div>\n\t\t\t\t<\/div>\n\t\t\t\t<\/div>\n\t\t\t\t<div data-id=\"b851100\" class=\"elementor-element elementor-element-b851100 elementor-widget elementor-widget-image\" data-element_type=\"image.default\">\n\t\t\t\t<div class=\"elementor-widget-container\">\n\t\t\t\t\t<div class=\"elementor-image\">\n\t\t\t\t\t\t\t<figure class=\"wp-caption\">\n\t\t\t\t\t\t\t\t\t\t<img loading=\"lazy\" decoding=\"async\" width=\"264\" height=\"115\" src=\"https:\/\/icosim.de\/es\/wp-content\/uploads\/sites\/9\/2023\/04\/Dresden-International-University-Logo.png\" class=\"attachment-full size-full\" alt=\"\" \/>\t\t\t\t\t\t\t\t\t\t\t<figcaption class=\"widget-image-caption wp-caption-text\">Dresden International University GmbH  <br>Pr\u00e4sident: Prof. Dr. med. Richard H.W. Funk <br>Ehrenpr\u00e4sident: Prof. Dr. Kurt Biedenkopf (\u2020)<\/figcaption>\n\t\t\t\t\t\t\t\t\t\t<\/figure>\n\t\t\t\t\t<\/div>\n\t\t\t\t<\/div>\n\t\t\t\t<\/div>\n\t\t\t\t<div data-id=\"b0b4495\" class=\"elementor-element elementor-element-b0b4495 elementor-widget elementor-widget-text-editor\" data-element_type=\"text-editor.default\">\n\t\t\t\t<div class=\"elementor-widget-container\">\n\t\t\t\t\t<div class=\"elementor-text-editor elementor-clearfix\"><p><strong style=\"font-size: 20px; color: red;\">Eine sch\u00f6ne akademische Anerkennung unserer Arbeit, die wir nat\u00fcrlich in unsere eigenen <span style=\"text-decoration: underline;\">ICOSIM Academy<\/span> (<a href=\"https:\/\/icosim.de\/es\" target=\"_blank\" rel=\"noopener\">www.icosim.de\/es<\/a>) demn\u00e4chst f\u00fcr jeden fortbildungshungrigen Integrativen Oral Mediziner fortsetzen!!<\/strong><\/p><\/div>\n\t\t\t\t<\/div>\n\t\t\t\t<\/div>\n\t\t\t\t<div data-id=\"06fbb19\" class=\"elementor-element elementor-element-06fbb19 elementor-widget elementor-widget-divider\" data-element_type=\"divider.default\">\n\t\t\t\t<div class=\"elementor-widget-container\">\n\t\t\t\t\t<div class=\"elementor-divider\">\n\t\t\t<span class=\"elementor-divider-separator\"><\/span>\n\t\t<\/div>\n\t\t\t\t<\/div>\n\t\t\t\t<\/div>\n\t\t\t\t<div data-id=\"536f340\" class=\"elementor-element elementor-element-536f340 elementor-widget elementor-widget-text-editor\" data-element_type=\"text-editor.default\">\n\t\t\t\t<div class=\"elementor-widget-container\">\n\t\t\t\t\t<div class=\"elementor-text-editor elementor-clearfix\"><ol start=\"2\">\n \t<li><b style=\"font-size: 25px; color: red;\">Referat und Workshop bei der Dt. Gesellschaft f\u00fcr Akupunktur und Neuraltherapie &#8211; DGfAN Kongress Erfurt 21.-23.04.2023<\/b>\n<br>\n<br>\nMit \u00fcber 200 Zuh\u00f6rern war das Interesse f\u00fcr Hans Lechners Pr\u00e4sentation \u00fcberw\u00e4ltigend: \n<strong style=\"font-size: 20px;\"><i>\u201eImmun-Dysregulation lokal und systemisch \u2013 Einblick in den medull\u00e4ren Kieferknochen mit Ultraschall\u201c<\/i><\/strong>.\n<br>\n<br>\nAuch mit 16 Teilnehmer am CaviTAU<sup>\u00ae<\/sup> Workshop war die Resonanz gr\u00f6\u00dfer als erwartet: \n<strong style=\"font-size: 20px;\"><i>\u201eUltraschallbasierte skalierte Messung der Knochendichte im Kiefer \u2013 CTU\u201c<\/i><\/strong>.\n<\/li><ol><\/div>\n\t\t\t\t<\/div>\n\t\t\t\t<\/div>\n\t\t\t\t<div data-id=\"dde58d0\" class=\"elementor-element elementor-element-dde58d0 elementor-widget elementor-widget-divider\" data-element_type=\"divider.default\">\n\t\t\t\t<div class=\"elementor-widget-container\">\n\t\t\t\t\t<div class=\"elementor-divider\">\n\t\t\t<span class=\"elementor-divider-separator\"><\/span>\n\t\t<\/div>\n\t\t\t\t<\/div>\n\t\t\t\t<\/div>\n\t\t\t\t<div data-id=\"e53a719\" class=\"elementor-element elementor-element-e53a719 elementor-widget elementor-widget-text-editor\" data-element_type=\"text-editor.default\">\n\t\t\t\t<div class=\"elementor-widget-container\">\n\t\t\t\t\t<div class=\"elementor-text-editor elementor-clearfix\"><ol start=\"3\">\n \t<li><b><i>\u201eSo schnell macht uns das Keiner nach\u201c:<\/i><\/b> Gute Investment-Nachricht f\u00fcr jeden CaviTAU\u00ae Besitzer:  Hier die h\u00fcbsch anzusehende Patent-Urkunde f\u00fcr das CaviTAU-Patent in Japan: <\/li>\n<\/ol><\/div>\n\t\t\t\t<\/div>\n\t\t\t\t<\/div>\n\t\t\t\t<div data-id=\"3bd070b\" class=\"elementor-element elementor-element-3bd070b elementor-widget elementor-widget-image\" data-element_type=\"image.default\">\n\t\t\t\t<div class=\"elementor-widget-container\">\n\t\t\t\t\t<div class=\"elementor-image\">\n\t\t\t\t\t\t\t<figure class=\"wp-caption\">\n\t\t\t\t\t\t\t\t\t\t<img decoding=\"async\" src=\"https:\/\/icosim.de\/es\/wp-content\/uploads\/sites\/9\/2023\/04\/cavitau-patent-japan.jpg\" title=\"\" alt=\"\" \/>\t\t\t\t\t\t\t\t\t\t\t<figcaption class=\"widget-image-caption wp-caption-text\">CaviTAU-Patente sind nat\u00fcrlich in allen wichtigen Industriestaaten erteilt. Damit kann jeder CaviTAU<sup>\u00ae<\/sup> Erwerber sicher sein, dass in den n\u00e4chsten 10 Jahren keine Konkurrenzprodukte auf den Markt kommen!!  <br>Das Investment in ein weltweit einzigartiges und gesch\u00fctztes Produkt ist also sicher!<\/figcaption>\n\t\t\t\t\t\t\t\t\t\t<\/figure>\n\t\t\t\t\t<\/div>\n\t\t\t\t<\/div>\n\t\t\t\t<\/div>\n\t\t\t\t<div data-id=\"1487a45\" class=\"elementor-element elementor-element-1487a45 elementor-widget elementor-widget-divider\" data-element_type=\"divider.default\">\n\t\t\t\t<div class=\"elementor-widget-container\">\n\t\t\t\t\t<div class=\"elementor-divider\">\n\t\t\t<span class=\"elementor-divider-separator\"><\/span>\n\t\t<\/div>\n\t\t\t\t<\/div>\n\t\t\t\t<\/div>\n\t\t\t\t<div data-id=\"45a992d\" class=\"elementor-element elementor-element-45a992d elementor-widget elementor-widget-text-editor\" data-element_type=\"text-editor.default\">\n\t\t\t\t<div class=\"elementor-widget-container\">\n\t\t\t\t\t<div class=\"elementor-text-editor elementor-clearfix\"><ol start=\"4\">\n \t<li><b style=\"font-size: 25px; color: red;\">SAFE THE DATE:<\/b>\n<ul>\n \t<li><b style=\"font-size: 25px;\">Praxisseminar Methodik zur Integrativen Oral Medizin (IOM), in Kooperation mit SGZM\/GZM\n24. &#8211; 25. Mai 2023 in Rorschach\/Schweiz<\/b><\/li>\n<\/ul>\n<\/li>\n<\/ol><\/div>\n\t\t\t\t<\/div>\n\t\t\t\t<\/div>\n\t\t\t\t<div data-id=\"244036c\" class=\"elementor-element elementor-element-244036c elementor-align-center elementor-widget elementor-widget-button\" data-element_type=\"button.default\">\n\t\t\t\t<div class=\"elementor-widget-container\">\n\t\t\t\t\t<div class=\"elementor-button-wrapper\">\n\t\t\t<a href=\"https:\/\/icosim.de\/es\/wp-content\/uploads\/2023\/04\/Icosim_SGZM_Praxis-Seminar_2023_3.pdf\" class=\"elementor-button-link elementor-button elementor-size-sm\" target=\"_blank\" role=\"button\">\n\t\t\t\t\t\t<span class=\"elementor-button-content-wrapper\">\n\t\t\t\t\t\t<span class=\"elementor-button-text\">Zum Programm vom Praxisseminar <\/span>\n\t\t<\/span>\n\t\t\t\t\t<\/a>\n\t\t<\/div>\n\t\t\t\t<\/div>\n\t\t\t\t<\/div>\n\t\t\t\t<div data-id=\"7b99264\" class=\"elementor-element elementor-element-7b99264 elementor-widget elementor-widget-text-editor\" data-element_type=\"text-editor.default\">\n\t\t\t\t<div class=\"elementor-widget-container\">\n\t\t\t\t\t<div class=\"elementor-text-editor elementor-clearfix\"><p><b style=\"font-size: 22px; color: red;\">SIE ERLERNEN:<\/b><br \/>1. Regulation und Immunologie: Immun-Modulation-Stimulation: TH1-TH2-Schaukel TNFa-Hemmtest<\/p><p>2. Regulation und patientenorientierte Therapieplanung Protokoll zum Vorgehen in Ihrer Praxis<\/p><p>3. Das Osteoimmunologie-Zytokin-Netzwerk Il-2, Il-4, IL-10, TNF-a und RANTES -Pathways<\/p><p>4. Sanierung FDOK und Bone Implant Contact Rehabiltation systemisch\/Rehabilitation lokal\/ VitD<\/p><p>5. Lokalisation FDOK\/Radiologie\/Dental CT\/Ultraschall-Sonographie<\/p><\/div>\n\t\t\t\t<\/div>\n\t\t\t\t<\/div>\n\t\t\t\t<div data-id=\"82db1e2\" class=\"elementor-element elementor-element-82db1e2 elementor-widget elementor-widget-text-editor\" data-element_type=\"text-editor.default\">\n\t\t\t\t<div class=\"elementor-widget-container\">\n\t\t\t\t\t<div class=\"elementor-text-editor elementor-clearfix\"><p>Freue mich, wenn ich zahlreiche ICOSIM Mitglieder zu diesen Terminen treffen kann und verbleibe bis zum n\u00e4chsten ICOSIM Weekly<\/p><p>Ihr Hans Lechner<\/p><\/div>\n\t\t\t\t<\/div>\n\t\t\t\t<\/div>\n\t\t\t\t<div data-id=\"ba3f534\" class=\"elementor-element elementor-element-ba3f534 elementor-widget elementor-widget-html\" data-element_type=\"html.default\">\n\t\t\t\t<div class=\"elementor-widget-container\">\n\t\t\t<style>\n    ol li::marker {\n  font-size: 1.2em;\n  font-weight: 600;\n}\n.beitragtextfeld {\n  background-color: #f3f3f3;\n  padding: 20px;\n  color: #5d8ac2;\n  margin-top: 30px;\n}\n<\/style>\t\t<\/div>\n\t\t\t\t<\/div>\n\t\t\t\t\t\t<\/div>\n\t\t\t<\/div>\n\t\t<\/div>\n\t\t\t\t\t\t<\/div>\n\t\t\t<\/div>\n\t\t<\/section>\n\t\t\t\t\t\t<\/div>\n\t\t\t<\/div>\n\t\t<\/div>\n\t\t","protected":false},"excerpt":{"rendered":"<p>Liebe ICOSIM Freunde und Mitglieder, mehr und mehr erkennen auch die Universit\u00e4ten unser Potential: Hans Lechner ist als Dozent eingeladen \u00fcber \u201eChronic Dental Inflammation\u201c an der Weiterbildungsuniversit\u00e4t der Dresden International University in f\u00fcnf Unterrichtseinheiten zu referieren. Dresden International University GmbH Pr\u00e4sident: Prof. Dr. med. Richard H.W. Funk Ehrenpr\u00e4sident: Prof. Dr. Kurt Biedenkopf (\u2020) Eine sch\u00f6ne [&hellip;]<\/p>\n","protected":false},"author":1,"featured_media":0,"comment_status":"open","ping_status":"open","sticky":false,"template":"","format":"standard","meta":{"footnotes":""},"categories":[1,52],"tags":[],"class_list":["post-4664","post","type-post","status-publish","format-standard","hentry","category-allgemein","category-weekly"],"_links":{"self":[{"href":"https:\/\/icosim.de\/es\/wp-json\/wp\/v2\/posts\/4664","targetHints":{"allow":["GET"]}}],"collection":[{"href":"https:\/\/icosim.de\/es\/wp-json\/wp\/v2\/posts"}],"about":[{"href":"https:\/\/icosim.de\/es\/wp-json\/wp\/v2\/types\/post"}],"author":[{"embeddable":true,"href":"https:\/\/icosim.de\/es\/wp-json\/wp\/v2\/users\/1"}],"replies":[{"embeddable":true,"href":"https:\/\/icosim.de\/es\/wp-json\/wp\/v2\/comments?post=4664"}],"version-history":[{"count":8,"href":"https:\/\/icosim.de\/es\/wp-json\/wp\/v2\/posts\/4664\/revisions"}],"predecessor-version":[{"id":6050,"href":"https:\/\/icosim.de\/es\/wp-json\/wp\/v2\/posts\/4664\/revisions\/6050"}],"wp:attachment":[{"href":"https:\/\/icosim.de\/es\/wp-json\/wp\/v2\/media?parent=4664"}],"wp:term":[{"taxonomy":"category","embeddable":true,"href":"https:\/\/icosim.de\/es\/wp-json\/wp\/v2\/categories?post=4664"},{"taxonomy":"post_tag","embeddable":true,"href":"https:\/\/icosim.de\/es\/wp-json\/wp\/v2\/tags?post=4664"}],"curies":[{"name":"wp","href":"https:\/\/api.w.org\/{rel}","templated":true}]}}