{"id":4637,"date":"2023-04-11T07:50:37","date_gmt":"2023-04-11T05:50:37","guid":{"rendered":"http:\/\/icosim.de\/es\/blog\/2023\/03\/31\/11-icosim-weekly-dr-choukroun-osteoimmunology-bei-uns-mit-vorwort-und-am-bay-zahnaerztetag-ein-patient-zu-nico-und-cavitau-icosim-portugal-brasilien-2\/"},"modified":"2023-04-11T16:18:41","modified_gmt":"2023-04-11T14:18:41","slug":"12-icosim-weekly-1-grosses-oster-review-nico-diskussion-zwischen-uni-heidelberg-und-fdok-praktikern-2-reminder-erfurt-und-muenchen-osteo-osseo-vortraege-und","status":"publish","type":"post","link":"https:\/\/icosim.de\/es\/12-icosim-weekly-1-grosses-oster-review-nico-diskussion-zwischen-uni-heidelberg-und-fdok-praktikern-2-reminder-erfurt-und-muenchen-osteo-osseo-vortraege-und\/","title":{"rendered":"12. ICOSIM Weekly \u2013 1. gro\u00dfes OSTER-Review: \u201eNICO\u201c-Diskussion zwischen Uni-Heidelberg und FDOK-Praktikern \u2013 2. REMINDER: Erfurt und M\u00fcnchen: OSTEO\/OSSEO Vortr\u00e4ge und Workshops zu CaviTAU\u00ae"},"content":{"rendered":"\t\t<div data-elementor-type=\"post\" data-elementor-id=\"4637\" class=\"elementor elementor-4637\" data-elementor-settings=\"[]\">\n\t\t\t<div class=\"elementor-inner\">\n\t\t\t\t<div class=\"elementor-section-wrap\">\n\t\t\t\t\t\t\t<section data-id=\"29ad7855\" class=\"elementor-element elementor-element-29ad7855 elementor-section-boxed elementor-section-height-default elementor-section-height-default elementor-section elementor-top-section\" data-element_type=\"section\">\n\t\t\t\t\t\t<div class=\"elementor-container elementor-column-gap-default\">\n\t\t\t\t<div class=\"elementor-row\">\n\t\t\t\t<div data-id=\"2323ce3e\" class=\"elementor-element elementor-element-2323ce3e elementor-column elementor-col-100 elementor-top-column\" data-element_type=\"column\">\n\t\t\t<div class=\"elementor-column-wrap  elementor-element-populated\">\n\t\t\t\t\t<div class=\"elementor-widget-wrap\">\n\t\t\t\t<div data-id=\"2ba27ca8\" class=\"elementor-element elementor-element-2ba27ca8 elementor-widget elementor-widget-text-editor\" data-element_type=\"text-editor.default\">\n\t\t\t\t<div class=\"elementor-widget-container\">\n\t\t\t\t\t<div class=\"elementor-text-editor elementor-clearfix\"><h2>Liebe ICOSIM Freunde und Mitglieder,<\/h2><\/div>\n\t\t\t\t<\/div>\n\t\t\t\t<\/div>\n\t\t\t\t<div data-id=\"562d2aa\" class=\"elementor-element elementor-element-562d2aa elementor-widget elementor-widget-text-editor\" data-element_type=\"text-editor.default\">\n\t\t\t\t<div class=\"elementor-widget-container\">\n\t\t\t\t\t<div class=\"elementor-text-editor elementor-clearfix\"><ol><li><strong>Voller Stolz stellen wir fest:<\/strong> Die von uns bei ICOSIM vertretene <strong>\u201eMaxillo-mandibul\u00e4re Osteoimmunologie\u201c<\/strong> ist bereits Teil einer internationalen Wissenschaftsdiskussion geworden, die ich Euch in diesem ICOSIM <strong>OSTER-Weekly<\/strong> in 8 chronologisch aufeinander folgenden Beitr\u00e4gen und LINKS vorstelle. Die Diskussion l\u00e4uft &#8211; wie bei wissenschaftlichem Disput \u00fcblich \u2013 als \u201eLETTER TO THE EDITOR\u201c an das erstpublizierende Journal \u201e<em><strong>Oral Diseases<\/strong><\/em>. <a href=\"https:\/\/wileyonlinelibrary.com\/journal\" target=\"_blank\" rel=\"noopener\">wileyonlinelibrary.com\/journal<\/a>\u201c.<br \/><div class=\"beitragtextfeld\"><strong style=\"font-size: 25px;\">Thema ist \u201eNICO\u201c und es wird bei der Lekt\u00fcre ganz klar:<\/strong> <strong style=\"font-size: 25px; color: red;\">\u201eNICO\u201c ist keine Basis, um zu einem wissenschaftlich vertr\u00e4glichen Konsens zu kommen!! \u201eNICO gibt es nicht!\u201c<\/strong><\/div><p><br \/>Die Original-Arbeiten habe ich zur leichteren Lekt\u00fcre <strong>in D \u00fcbersetzt<\/strong><\/p><\/li><\/ol><\/div>\n\t\t\t\t<\/div>\n\t\t\t\t<\/div>\n\t\t\t\t<div data-id=\"b851100\" class=\"elementor-element elementor-element-b851100 elementor-widget elementor-widget-image\" data-element_type=\"image.default\">\n\t\t\t\t<div class=\"elementor-widget-container\">\n\t\t\t\t\t<div class=\"elementor-image\">\n\t\t\t\t\t\t\t\t\t\t<img decoding=\"async\" src=\"https:\/\/icosim.de\/es\/wp-content\/uploads\/sites\/9\/2023\/04\/Weekly-12-23_1.jpg\" title=\"\" alt=\"\" \/>\t\t\t\t\t\t\t\t\t\t\t<\/div>\n\t\t\t\t<\/div>\n\t\t\t\t<\/div>\n\t\t\t\t<div data-id=\"b0b4495\" class=\"elementor-element elementor-element-b0b4495 elementor-widget elementor-widget-text-editor\" data-element_type=\"text-editor.default\">\n\t\t\t\t<div class=\"elementor-widget-container\">\n\t\t\t\t\t<div class=\"elementor-text-editor elementor-clearfix\"><ol style=\"list-style: lower-alpha;\"><li><strong>Der Start:<\/strong> Unsere Publikationen zu RANTES\/CCL5 als singul\u00e4rem Expressionsmuster einer bekannten Kieferknochenpathologie (\u201e Ich als Pathologe kenne das nat\u00fcrlich&#8211;\u201c Prof. Shahram Ghanaati) blieben auch von Prof. Staehle (em) nicht unbeobachtet, was wir gerne als Anerkennung unserer Arbeit verbuchen. Mit der ersten \u2013 wissenschaftlich sehr korrekt ausgef\u00fchrten &#8211; Arbeit demontieren die Hochschul-Mitarbeiter und &#8211; leider &#8211; auch renommierte Koautoren die uralten Diskussionen zu \u201eNICO\u201c und gleichzeitig unsere Schrittmacher-Dokumentationen zu einer INTEGRATIVEN ORAL MEDIZIN:<\/li><\/ol><\/div>\n\t\t\t\t<\/div>\n\t\t\t\t<\/div>\n\t\t\t\t<div data-id=\"a2638cd\" class=\"elementor-element elementor-element-a2638cd elementor-align-center elementor-widget elementor-widget-button\" data-element_type=\"button.default\">\n\t\t\t\t<div class=\"elementor-widget-container\">\n\t\t\t\t\t<div class=\"elementor-button-wrapper\">\n\t\t\t<a href=\"https:\/\/icosim.de\/es\/wp-content\/uploads\/2023\/04\/a-D-NICO-UniHeidelberg.pdf\" class=\"elementor-button-link elementor-button elementor-size-sm\" target=\"_blank\" role=\"button\">\n\t\t\t\t\t\t<span class=\"elementor-button-content-wrapper\">\n\t\t\t\t\t\t<span class=\"elementor-button-text\">Neuralgia-inducing cavitational osteonecrosis\u2014A systematic review<\/span>\n\t\t<\/span>\n\t\t\t\t\t<\/a>\n\t\t<\/div>\n\t\t\t\t<\/div>\n\t\t\t\t<\/div>\n\t\t\t\t<div data-id=\"857390c\" class=\"elementor-element elementor-element-857390c elementor-widget elementor-widget-text-editor\" data-element_type=\"text-editor.default\">\n\t\t\t\t<div class=\"elementor-widget-container\">\n\t\t\t\t\t<div class=\"elementor-text-editor elementor-clearfix\"><ol style=\"list-style: none;\"><li><a href=\"https:\/\/onlinelibrary.wiley.com\/action\/doSearch?ContribAuthorRaw=Sekundo%2C+Caroline\" target=\"_blank\" rel=\"noopener\">Caroline Sekundo<\/a>, <a href=\"https:\/\/onlinelibrary.wiley.com\/action\/doSearch?ContribAuthorRaw=Wiltfang%2C+J%C3%B6rg\" target=\"_blank\" rel=\"noopener\">J\u00f6rg Wiltfang<\/a>, <a href=\"https:\/\/onlinelibrary.wiley.com\/action\/doSearch?ContribAuthorRaw=Schliephake%2C+Henning\" target=\"_blank\" rel=\"noopener\">Henning Schliephake<\/a>, <a href=\"https:\/\/onlinelibrary.wiley.com\/action\/doSearch?ContribAuthorRaw=Al-Nawas%2C+Bilal\" target=\"_blank\" rel=\"noopener\">Bilal Al-Nawas<\/a>, <a href=\"https:\/\/onlinelibrary.wiley.com\/action\/doSearch?ContribAuthorRaw=R%C3%BCckschlo%C3%9F%2C+Thomas\" target=\"_blank\" rel=\"noopener\">Thomas R\u00fcckschlo\u00df<\/a>, <a href=\"https:\/\/onlinelibrary.wiley.com\/action\/doSearch?ContribAuthorRaw=Moratin%2C+Julius\" target=\"_blank\" rel=\"noopener\">Julius Moratin<\/a>, <a href=\"https:\/\/onlinelibrary.wiley.com\/action\/doSearch?ContribAuthorRaw=Hoffmann%2C+J%C3%BCrgen\" target=\"_blank\" rel=\"noopener\">J\u00fcrgen Hoffmann<\/a>, <a href=\"https:\/\/onlinelibrary.wiley.com\/action\/doSearch?ContribAuthorRaw=Ristow%2C+Oliver\" target=\"_blank\" rel=\"noopener\">Oliver Ristow<\/a> <br \/>First published: 21 July 2021 <a href=\"https:\/\/onlinelibrary.wiley.com\/doi\/10.1111\/odi.13971\" target=\"_blank\" rel=\"noopener\">https:\/\/doi.org\/10.1111\/odi.13971<\/a><\/li><\/ol><\/div>\n\t\t\t\t<\/div>\n\t\t\t\t<\/div>\n\t\t\t\t<div data-id=\"cf1cf07\" class=\"elementor-element elementor-element-cf1cf07 elementor-widget elementor-widget-text-editor\" data-element_type=\"text-editor.default\">\n\t\t\t\t<div class=\"elementor-widget-container\">\n\t\t\t\t\t<div class=\"elementor-text-editor elementor-clearfix\"><ol style=\"list-style: lower-alpha;\" start=\"2\"><li><strong>Wir wehren uns:<\/strong> Da ich unmittelbar in dieser Arbeit angesprochen werde, antworten Prof. A. May von der Universit\u00e4t Dresden und ich darauf: (<a href=\"https:\/\/onlinelibrary.wiley.com\/doi\/10.1111\/odi.13969\" target=\"_blank\" rel=\"noopener\">DOI: 10.1111\/odi.13969<\/a>)<\/li><\/ol><\/div>\n\t\t\t\t<\/div>\n\t\t\t\t<\/div>\n\t\t\t\t<div data-id=\"5369f59\" class=\"elementor-element elementor-element-5369f59 elementor-align-center elementor-widget elementor-widget-button\" data-element_type=\"button.default\">\n\t\t\t\t<div class=\"elementor-widget-container\">\n\t\t\t\t\t<div class=\"elementor-button-wrapper\">\n\t\t\t<a href=\"https:\/\/icosim.de\/es\/wp-content\/uploads\/2023\/04\/b-May-Lec-When-medicine-is-evaluated-de.pdf\" class=\"elementor-button-link elementor-button elementor-size-sm\" target=\"_blank\" role=\"button\">\n\t\t\t\t\t\t<span class=\"elementor-button-content-wrapper\">\n\t\t\t\t\t\t<span class=\"elementor-button-text\">Wenn die Medizin ohne Bezug zum Patienten und zu pathophysiologischen Fakten bewertet wird<\/span>\n\t\t<\/span>\n\t\t\t\t\t<\/a>\n\t\t<\/div>\n\t\t\t\t<\/div>\n\t\t\t\t<\/div>\n\t\t\t\t<div data-id=\"848bd65\" class=\"elementor-element elementor-element-848bd65 elementor-widget elementor-widget-text-editor\" data-element_type=\"text-editor.default\">\n\t\t\t\t<div class=\"elementor-widget-container\">\n\t\t\t\t\t<div class=\"elementor-text-editor elementor-clearfix\"><ol style=\"list-style: lower-alpha;\" start=\"3\"><li><strong>Prof. J. Bouquot als Erfinder von \u201eNICO\u201c versteht Uni Heidelberg auch nicht:<\/strong> Er schreibt ebenfalls als Replik an den Editor (<a href=\"https:\/\/onlinelibrary.wiley.com\/doi\/10.1111\/odi.13970\" target=\"_blank\" rel=\"noopener\">doi: 10.1111\/odi.13970<\/a>):<\/li><\/ol><\/div>\n\t\t\t\t<\/div>\n\t\t\t\t<\/div>\n\t\t\t\t<div data-id=\"554e9b4\" class=\"elementor-element elementor-element-554e9b4 elementor-align-center elementor-widget elementor-widget-button\" data-element_type=\"button.default\">\n\t\t\t\t<div class=\"elementor-widget-container\">\n\t\t\t\t\t<div class=\"elementor-button-wrapper\">\n\t\t\t<a href=\"https:\/\/icosim.de\/es\/wp-content\/uploads\/2023\/04\/c-2021_NICOreview_BouquotLetterToEditor-DE.pdf\" class=\"elementor-button-link elementor-button elementor-size-sm\" target=\"_blank\" role=\"button\">\n\t\t\t\t\t\t<span class=\"elementor-button-content-wrapper\">\n\t\t\t\t\t\t<span class=\"elementor-button-text\">Wenn systematische Reviews nicht von Experten durchgef\u00fchrt werden<\/span>\n\t\t<\/span>\n\t\t\t\t\t<\/a>\n\t\t<\/div>\n\t\t\t\t<\/div>\n\t\t\t\t<\/div>\n\t\t\t\t<div data-id=\"ed0c491\" class=\"elementor-element elementor-element-ed0c491 elementor-widget elementor-widget-text-editor\" data-element_type=\"text-editor.default\">\n\t\t\t\t<div class=\"elementor-widget-container\">\n\t\t\t\t\t<div class=\"elementor-text-editor elementor-clearfix\"><ol style=\"list-style: lower-alpha;\" start=\"4\"><li><strong>Unsre Reihen schlie\u00dfen sich weiter:<\/strong> Der renommierte Allergologe Dr. K. M\u00fcller trifft den Nagel auf den Kopf (<a href=\"https:\/\/onlinelibrary.wiley.com\/doi\/10.1111\/odi.13974\" target=\"_blank\" rel=\"noopener\">DOI: 10.1111\/odi.13974<\/a>), denn schon im Heidelberger Papier <strong>\u201emerkt man die Absicht und ist verschnupft&#8221;<\/strong>:<\/li><\/ol><\/div>\n\t\t\t\t<\/div>\n\t\t\t\t<\/div>\n\t\t\t\t<div data-id=\"3fb0003\" class=\"elementor-element elementor-element-3fb0003 elementor-align-center elementor-widget elementor-widget-button\" data-element_type=\"button.default\">\n\t\t\t\t<div class=\"elementor-widget-container\">\n\t\t\t\t\t<div class=\"elementor-button-wrapper\">\n\t\t\t<a href=\"https:\/\/icosim.de\/es\/wp-content\/uploads\/2023\/04\/d-M\u00fcller-Ein-Review-mit-Ergebnis-ist-selbst-ein-Bias.pdf\" class=\"elementor-button-link elementor-button elementor-size-sm\" target=\"_blank\" role=\"button\">\n\t\t\t\t\t\t<span class=\"elementor-button-content-wrapper\">\n\t\t\t\t\t\t<span class=\"elementor-button-text\">Eine \u00dcberpr\u00fcfung, die auf ein Ergebnis abzielt, ist selbst eine Verzerrung<\/span>\n\t\t<\/span>\n\t\t\t\t\t<\/a>\n\t\t<\/div>\n\t\t\t\t<\/div>\n\t\t\t\t<\/div>\n\t\t\t\t<div data-id=\"e9ac273\" class=\"elementor-element elementor-element-e9ac273 elementor-widget elementor-widget-text-editor\" data-element_type=\"text-editor.default\">\n\t\t\t\t<div class=\"elementor-widget-container\">\n\t\t\t\t\t<div class=\"elementor-text-editor elementor-clearfix\"><ol style=\"list-style: lower-alpha;\" start=\"5\"><li><strong>Dieser geb\u00fcndelte Aufstand der patientenorientierten Praktiker<\/strong> l\u00e4sst die Heidelberger Autoren Sekundo et al. (<a href=\"https:\/\/onlinelibrary.wiley.com\/doi\/10.1111\/odi.13971\" target=\"_blank\" rel=\"noopener\">DOI: 10.1111\/odi.13971<\/a>) nicht kalt:<\/li><\/ol><\/div>\n\t\t\t\t<\/div>\n\t\t\t\t<\/div>\n\t\t\t\t<div data-id=\"dbbaea4\" class=\"elementor-element elementor-element-dbbaea4 elementor-align-center elementor-widget elementor-widget-button\" data-element_type=\"button.default\">\n\t\t\t\t<div class=\"elementor-widget-container\">\n\t\t\t\t\t<div class=\"elementor-button-wrapper\">\n\t\t\t<a href=\"https:\/\/icosim.de\/es\/wp-content\/uploads\/2023\/04\/e-Oral-Diseases-2021-Sekundo-Response-to-the-letters-to-the-editor-NICO.pdf\" class=\"elementor-button-link elementor-button elementor-size-sm\" target=\"_blank\" role=\"button\">\n\t\t\t\t\t\t<span class=\"elementor-button-content-wrapper\">\n\t\t\t\t\t\t<span class=\"elementor-button-text\">Response to the letters to the editor: Neuralgia-inducing cavitational osteonecrosis\u2014A systematic review<\/span>\n\t\t<\/span>\n\t\t\t\t\t<\/a>\n\t\t<\/div>\n\t\t\t\t<\/div>\n\t\t\t\t<\/div>\n\t\t\t\t<div data-id=\"8d0ccf0\" class=\"elementor-element elementor-element-8d0ccf0 elementor-widget elementor-widget-text-editor\" data-element_type=\"text-editor.default\">\n\t\t\t\t<div class=\"elementor-widget-container\">\n\t\t\t\t\t<div class=\"elementor-text-editor elementor-clearfix\"><ol style=\"list-style: lower-alpha;\" start=\"6\"><li><strong>Und darauf doch noch ein Experten-Widerstand:<\/strong> Der US-Kieferchirurg Bob McMahon, der mit Prof. Bouquot \u201eNICO\u201c erfunden hat, fordert im Leserbrief (<a href=\"https:\/\/onlinelibrary.wiley.com\/doi\/10.1111\/odi.14041\" target=\"_blank\" rel=\"noopener\">DOI: 10.1111\/odi.14041<\/a>) den Editor von Oral Diseaes heraus:<\/li><\/ol><\/div>\n\t\t\t\t<\/div>\n\t\t\t\t<\/div>\n\t\t\t\t<div data-id=\"4088fc6\" class=\"elementor-element elementor-element-4088fc6 elementor-align-center elementor-widget elementor-widget-button\" data-element_type=\"button.default\">\n\t\t\t\t<div class=\"elementor-widget-container\">\n\t\t\t\t\t<div class=\"elementor-button-wrapper\">\n\t\t\t<a href=\"https:\/\/icosim.de\/es\/wp-content\/uploads\/2023\/04\/f-D-McMahon-ETTER-TO-THE-EDITOR-DE.pdf\" class=\"elementor-button-link elementor-button elementor-size-sm\" target=\"_blank\" role=\"button\">\n\t\t\t\t\t\t<span class=\"elementor-button-content-wrapper\">\n\t\t\t\t\t\t<span class=\"elementor-button-text\">Challenging NICO again?<\/span>\n\t\t<\/span>\n\t\t\t\t\t<\/a>\n\t\t<\/div>\n\t\t\t\t<\/div>\n\t\t\t\t<\/div>\n\t\t\t\t<div data-id=\"5d6d954\" class=\"elementor-element elementor-element-5d6d954 elementor-widget elementor-widget-text-editor\" data-element_type=\"text-editor.default\">\n\t\t\t\t<div class=\"elementor-widget-container\">\n\t\t\t\t\t<div class=\"elementor-text-editor elementor-clearfix\"><ol style=\"list-style: lower-alpha;\" start=\"7\"><li><strong>Der Editor von Oral Diseases Prof. Lodi und Team<\/strong> l\u00e4sst sich diesen \u201eAngriff\u201c aber nicht gefallen und keilt verst\u00e4ndlicherweise zur\u00fcck (<a href=\"https:\/\/onlinelibrary.wiley.com\/doi\/10.1111\/odi.14560\" target=\"_blank\" rel=\"noopener\">DOI: 10.1111\/odi.14560<\/a>):<\/li><\/ol><\/div>\n\t\t\t\t<\/div>\n\t\t\t\t<\/div>\n\t\t\t\t<div data-id=\"090bcc9\" class=\"elementor-element elementor-element-090bcc9 elementor-align-center elementor-widget elementor-widget-button\" data-element_type=\"button.default\">\n\t\t\t\t<div class=\"elementor-widget-container\">\n\t\t\t\t\t<div class=\"elementor-button-wrapper\">\n\t\t\t<a href=\"https:\/\/icosim.de\/es\/wp-content\/uploads\/2023\/04\/g-Oral-Diseases-Lodi-Reply-to-Dr-McMahon-de.pdf\" class=\"elementor-button-link elementor-button elementor-size-sm\" target=\"_blank\" role=\"button\">\n\t\t\t\t\t\t<span class=\"elementor-button-content-wrapper\">\n\t\t\t\t\t\t<span class=\"elementor-button-text\">In defense of open scientific discussion. Reply to Dr. McMahon<\/span>\n\t\t<\/span>\n\t\t\t\t\t<\/a>\n\t\t<\/div>\n\t\t\t\t<\/div>\n\t\t\t\t<\/div>\n\t\t\t\t<div data-id=\"3bc5eb1\" class=\"elementor-element elementor-element-3bc5eb1 elementor-widget elementor-widget-text-editor\" data-element_type=\"text-editor.default\">\n\t\t\t\t<div class=\"elementor-widget-container\">\n\t\t\t\t\t<div class=\"elementor-text-editor elementor-clearfix\"><ol style=\"list-style: lower-alpha;\" start=\"8\">\n \t<li><strong>Aktuell die letzte Stimme von mir<\/strong>, als Versuch das Thema auf die eigentliche Situation auf Researchgate zur\u00fcckzuf\u00fchren, nachdem das Editorial-Mitglied Prof. Stefano Petti, Univ. Rom mir schrieb, dass \u201eIn defense of open scientific discussion. Reply to Dr. McMahon\u201c kein Research sei:<\/li>\n<\/ol><\/div>\n\t\t\t\t<\/div>\n\t\t\t\t<\/div>\n\t\t\t\t<div data-id=\"c6475e5\" class=\"elementor-element elementor-element-c6475e5 elementor-align-center elementor-widget elementor-widget-button\" data-element_type=\"button.default\">\n\t\t\t\t<div class=\"elementor-widget-container\">\n\t\t\t\t\t<div class=\"elementor-button-wrapper\">\n\t\t\t<a href=\"https:\/\/icosim.de\/es\/wp-content\/uploads\/2023\/04\/h-Lechner-Antwort-an-Lodi-Stefano-Researchgate.pdf\" class=\"elementor-button-link elementor-button elementor-size-sm\" target=\"_blank\" role=\"button\">\n\t\t\t\t\t\t<span class=\"elementor-button-content-wrapper\">\n\t\t\t\t\t\t<span class=\"elementor-button-text\">Antwort an Prof. Stefano Petti<\/span>\n\t\t<\/span>\n\t\t\t\t\t<\/a>\n\t\t<\/div>\n\t\t\t\t<\/div>\n\t\t\t\t<\/div>\n\t\t\t\t<div data-id=\"200e8de\" class=\"elementor-element elementor-element-200e8de elementor-widget elementor-widget-text-editor\" data-element_type=\"text-editor.default\">\n\t\t\t\t<div class=\"elementor-widget-container\">\n\t\t\t\t\t<div class=\"elementor-text-editor elementor-clearfix\"><ol style=\"list-style: none;\">\n \t<li><b>Mit Spannung sehen wir ICOSIM-Mitglieder der weiteren \u201eNICO\u201c Diskussion entgegen und hoffen auf die <span style=\"color: red;\">FDOK<\/span>.<\/b><\/li>\n<\/ol><\/div>\n\t\t\t\t<\/div>\n\t\t\t\t<\/div>\n\t\t\t\t<div data-id=\"ccae88c\" class=\"elementor-element elementor-element-ccae88c elementor-widget elementor-widget-divider\" data-element_type=\"divider.default\">\n\t\t\t\t<div class=\"elementor-widget-container\">\n\t\t\t\t\t<div class=\"elementor-divider\">\n\t\t\t<span class=\"elementor-divider-separator\"><\/span>\n\t\t<\/div>\n\t\t\t\t<\/div>\n\t\t\t\t<\/div>\n\t\t\t\t<div data-id=\"defc1c8\" class=\"elementor-element elementor-element-defc1c8 elementor-widget elementor-widget-text-editor\" data-element_type=\"text-editor.default\">\n\t\t\t\t<div class=\"elementor-widget-container\">\n\t\t\t\t\t<div class=\"elementor-text-editor elementor-clearfix\"><ol start=\"2\"><li><b style=\"font-size: 25px; color: red;\">SAFE THE DATEs:<\/b><ul><li><b style=\"font-size: 25px;\">Kongress der Deutschen Gesellschaft f\u00fcr Akupunktur und Neuraltherapie DGfAN 20 -23 April 2023 in Erfurt<\/b><br \/><a href=\"https:\/\/www.dgfan.de\/uploads\/dgfan_kurse_k_formular_63f71cb1264c7\/Kongress-Programm_2023.pdf\" target=\"_blank\" rel=\"noopener\">Kongress-Programm_2023.pdf (dgfan.de)<\/a>\u00a0<p>Freitag 21. April Dr. Lechner Vortrag 30 Minuten 15:00-15:30<br \/><b><i>Immun-Dysregulation lokal und systemisch &#8211; Einblick in den Kiefer mit Ultraschall<\/i><\/b><\/p><p>Samstag 22. April Dr. Lechner Workshop 10:30-12.00:<br \/><b><i>Osteoimmunologie im Kiefer und Immun-Nachhaltigkeit dentaler Implantate<\/i><\/b><\/p><p>\u00a0<\/p><\/li><li><b style=\"font-size: 25px;\">ISMI Kongress in M\u00fcnchen<\/b><br \/>Freitag 5.Mai mein Vortrag <strong>\u201eTitan versus Keramik \u2013 Osteo-Immunologie und Implantaterfolg\u201c<\/strong> und zur praktischen Unterweisung zu CaviTAU<sup>\u00ae<\/sup> und <strong>Scaling Bone Density-CTU<\/strong> in der TableClinic<\/li><\/ul><\/li><\/ol><\/div>\n\t\t\t\t<\/div>\n\t\t\t\t<\/div>\n\t\t\t\t<section data-id=\"50b9293\" class=\"elementor-element elementor-element-50b9293 elementor-section-boxed elementor-section-height-default elementor-section-height-default elementor-section elementor-inner-section\" data-element_type=\"section\">\n\t\t\t\t\t\t<div class=\"elementor-container elementor-column-gap-default\">\n\t\t\t\t<div class=\"elementor-row\">\n\t\t\t\t<div data-id=\"a5b1025\" class=\"elementor-element elementor-element-a5b1025 elementor-column elementor-col-50 elementor-inner-column\" data-element_type=\"column\">\n\t\t\t<div class=\"elementor-column-wrap  elementor-element-populated\">\n\t\t\t\t\t<div class=\"elementor-widget-wrap\">\n\t\t\t\t<div data-id=\"6d18815\" class=\"elementor-element elementor-element-6d18815 elementor-align-center elementor-widget elementor-widget-button\" data-element_type=\"button.default\">\n\t\t\t\t<div class=\"elementor-widget-container\">\n\t\t\t\t\t<div class=\"elementor-button-wrapper\">\n\t\t\t<a href=\"https:\/\/icosim.de\/es\/wp-content\/uploads\/2023\/03\/Abstract-Table-Clinic-D.pdf\" class=\"elementor-button-link elementor-button elementor-size-sm\" target=\"_blank\" role=\"button\">\n\t\t\t\t\t\t<span class=\"elementor-button-content-wrapper\">\n\t\t\t\t\t\t<span class=\"elementor-button-text\"> Abstrakt TableClinic mit CaviTAU<sup>\u00ae<\/sup> bei ISMI 5.\/6. Mai in M\u00fcnchen<\/span>\n\t\t<\/span>\n\t\t\t\t\t<\/a>\n\t\t<\/div>\n\t\t\t\t<\/div>\n\t\t\t\t<\/div>\n\t\t\t\t\t\t<\/div>\n\t\t\t<\/div>\n\t\t<\/div>\n\t\t\t\t<div data-id=\"bbfdd5a\" class=\"elementor-element elementor-element-bbfdd5a elementor-column elementor-col-50 elementor-inner-column\" data-element_type=\"column\">\n\t\t\t<div class=\"elementor-column-wrap  elementor-element-populated\">\n\t\t\t\t\t<div class=\"elementor-widget-wrap\">\n\t\t\t\t<div data-id=\"2abc278\" class=\"elementor-element elementor-element-2abc278 elementor-align-center elementor-widget elementor-widget-button\" data-element_type=\"button.default\">\n\t\t\t\t<div class=\"elementor-widget-container\">\n\t\t\t\t\t<div class=\"elementor-button-wrapper\">\n\t\t\t<a href=\"https:\/\/icosim.de\/es\/wp-content\/uploads\/2023\/03\/Lechner-OEMUS-ISMI-Muenchen-Mai-2023.pdf\" class=\"elementor-button-link elementor-button elementor-size-sm\" target=\"_blank\" role=\"button\">\n\t\t\t\t\t\t<span class=\"elementor-button-content-wrapper\">\n\t\t\t\t\t\t<span class=\"elementor-button-text\">Programm ISMI mit Vortrag plus TableClinic Hans Lechner<\/span>\n\t\t<\/span>\n\t\t\t\t\t<\/a>\n\t\t<\/div>\n\t\t\t\t<\/div>\n\t\t\t\t<\/div>\n\t\t\t\t\t\t<\/div>\n\t\t\t<\/div>\n\t\t<\/div>\n\t\t\t\t\t\t<\/div>\n\t\t\t<\/div>\n\t\t<\/section>\n\t\t\t\t<div data-id=\"82db1e2\" class=\"elementor-element elementor-element-82db1e2 elementor-widget elementor-widget-text-editor\" data-element_type=\"text-editor.default\">\n\t\t\t\t<div class=\"elementor-widget-container\">\n\t\t\t\t\t<div class=\"elementor-text-editor elementor-clearfix\"><p>Freue mich, wenn ich die ICOSIM Mitglieder zu diesen Terminen treffen kann und verbleibe bis zum n\u00e4chsten ICOSIM Weekly<\/p><p>Ihr Hans Lechner<\/p><\/div>\n\t\t\t\t<\/div>\n\t\t\t\t<\/div>\n\t\t\t\t<div data-id=\"ba3f534\" class=\"elementor-element elementor-element-ba3f534 elementor-widget elementor-widget-html\" data-element_type=\"html.default\">\n\t\t\t\t<div class=\"elementor-widget-container\">\n\t\t\t<style>\n    ol li::marker {\n  font-size: 1.2em;\n  font-weight: 600;\n}\n.beitragtextfeld {\n  background-color: #f3f3f3;\n  padding: 20px;\n  color: #5d8ac2;\n  margin-top: 30px;\n}\n<\/style>\t\t<\/div>\n\t\t\t\t<\/div>\n\t\t\t\t\t\t<\/div>\n\t\t\t<\/div>\n\t\t<\/div>\n\t\t\t\t\t\t<\/div>\n\t\t\t<\/div>\n\t\t<\/section>\n\t\t\t\t\t\t<\/div>\n\t\t\t<\/div>\n\t\t<\/div>\n\t\t","protected":false},"excerpt":{"rendered":"<p>Liebe ICOSIM Freunde und Mitglieder, Voller Stolz stellen wir fest: Die von uns bei ICOSIM vertretene \u201eMaxillo-mandibul\u00e4re Osteoimmunologie\u201c ist bereits Teil einer internationalen Wissenschaftsdiskussion geworden, die ich Euch in diesem ICOSIM OSTER-Weekly in 8 chronologisch aufeinander folgenden Beitr\u00e4gen und LINKS vorstelle. Die Diskussion l\u00e4uft &#8211; wie bei wissenschaftlichem Disput \u00fcblich \u2013 als \u201eLETTER TO THE [&hellip;]<\/p>\n","protected":false},"author":1,"featured_media":0,"comment_status":"open","ping_status":"open","sticky":false,"template":"","format":"standard","meta":{"footnotes":""},"categories":[1,52],"tags":[],"class_list":["post-4637","post","type-post","status-publish","format-standard","hentry","category-allgemein","category-weekly"],"_links":{"self":[{"href":"https:\/\/icosim.de\/es\/wp-json\/wp\/v2\/posts\/4637","targetHints":{"allow":["GET"]}}],"collection":[{"href":"https:\/\/icosim.de\/es\/wp-json\/wp\/v2\/posts"}],"about":[{"href":"https:\/\/icosim.de\/es\/wp-json\/wp\/v2\/types\/post"}],"author":[{"embeddable":true,"href":"https:\/\/icosim.de\/es\/wp-json\/wp\/v2\/users\/1"}],"replies":[{"embeddable":true,"href":"https:\/\/icosim.de\/es\/wp-json\/wp\/v2\/comments?post=4637"}],"version-history":[{"count":15,"href":"https:\/\/icosim.de\/es\/wp-json\/wp\/v2\/posts\/4637\/revisions"}],"predecessor-version":[{"id":4662,"href":"https:\/\/icosim.de\/es\/wp-json\/wp\/v2\/posts\/4637\/revisions\/4662"}],"wp:attachment":[{"href":"https:\/\/icosim.de\/es\/wp-json\/wp\/v2\/media?parent=4637"}],"wp:term":[{"taxonomy":"category","embeddable":true,"href":"https:\/\/icosim.de\/es\/wp-json\/wp\/v2\/categories?post=4637"},{"taxonomy":"post_tag","embeddable":true,"href":"https:\/\/icosim.de\/es\/wp-json\/wp\/v2\/tags?post=4637"}],"curies":[{"name":"wp","href":"https:\/\/api.w.org\/{rel}","templated":true}]}}