{"id":4080,"date":"2022-08-11T08:09:37","date_gmt":"2022-08-11T06:09:37","guid":{"rendered":"http:\/\/icosim.de\/es\/blog\/2022\/08\/05\/25-icosim-weekly-zwp-online-spezialist-fuer-integrative-oralmedizin-rantes-diskussion-in-coliquio-qs24-unertraegliche-schmerzen-mit-ueber-11-000-auf-2\/"},"modified":"2022-08-11T13:43:09","modified_gmt":"2022-08-11T11:43:09","slug":"26-icosim-weekly-lauterbach-warnt-vor-endometriose-rantes-und-endometriose-53-000-scans-mit-cavitau","status":"publish","type":"post","link":"https:\/\/icosim.de\/es\/26-icosim-weekly-lauterbach-warnt-vor-endometriose-rantes-und-endometriose-53-000-scans-mit-cavitau\/","title":{"rendered":"26. ICOSIM Weekly \u2013 Lauterbach warnt vor Endometriose &#8211;  RANTES und Endometriose  &#8211; 53.000 Scans mit CaviTAU"},"content":{"rendered":"\t\t<div data-elementor-type=\"post\" data-elementor-id=\"4080\" class=\"elementor elementor-4080\" data-elementor-settings=\"[]\">\n\t\t\t<div class=\"elementor-inner\">\n\t\t\t\t<div class=\"elementor-section-wrap\">\n\t\t\t\t\t\t\t<section data-id=\"29ad7855\" class=\"elementor-element elementor-element-29ad7855 elementor-section-boxed elementor-section-height-default elementor-section-height-default elementor-section elementor-top-section\" data-element_type=\"section\">\n\t\t\t\t\t\t<div class=\"elementor-container elementor-column-gap-default\">\n\t\t\t\t<div class=\"elementor-row\">\n\t\t\t\t<div data-id=\"2323ce3e\" class=\"elementor-element elementor-element-2323ce3e elementor-column elementor-col-100 elementor-top-column\" data-element_type=\"column\">\n\t\t\t<div class=\"elementor-column-wrap  elementor-element-populated\">\n\t\t\t\t\t<div class=\"elementor-widget-wrap\">\n\t\t\t\t<div data-id=\"2ba27ca8\" class=\"elementor-element elementor-element-2ba27ca8 elementor-widget elementor-widget-text-editor\" data-element_type=\"text-editor.default\">\n\t\t\t\t<div class=\"elementor-widget-container\">\n\t\t\t\t\t<div class=\"elementor-text-editor elementor-clearfix\"><p>Liebe ICOSIM Kolleginnen und Kollegen,<\/p><p>in diesem zweiten Sommer-WEEKLY stelle ich gerne vor:<\/p><ol style=\"font-size: 34px; font-weight: 300;\"><li><h2>Lauterbach warnt vor Massenkrankheit Endometriose \u2013 Geld ausgeben f\u00fcr den Kampf dagegen will die Regierung aber nicht!<\/h2><\/li><\/ol><p style=\"text-align: center;\">Aus<strong> Business Insider Deutschlan<\/strong><strong>d \/<\/strong>Christine van den Berg 05-08-2022<\/p><p>Endometriose l\u00f6st bei Betroffenen einen gro\u00dfen Leidensdruck aus.<\/p><p>Sie sind kraftlos, werden depressiv oder haben Kr\u00e4mpfe im Unterleib. Manche Frauen, die von Endometriose betroffen sind, k\u00f6nnen w\u00e4hrend ihrer Periode vor Schmerzen manchmal kaum noch liegen, essen, gar auf die Toilette gehen.<\/p><p>Obwohl etwa 10 bis 15 Prozent aller Frauen in Deutschland an Endometriose leiden und es sich dabei um eine der h\u00e4ufigsten gyn\u00e4kologischen Erkrankungen handelt, ist das Thema innerhalb der Gesellschaft kaum bekannt und in der Forschung immer noch vernachl\u00e4ssigt.<\/p><\/div>\n\t\t\t\t<\/div>\n\t\t\t\t<\/div>\n\t\t\t\t<div data-id=\"30ab764\" class=\"elementor-element elementor-element-30ab764 elementor-align-center elementor-widget elementor-widget-button\" data-element_type=\"button.default\">\n\t\t\t\t<div class=\"elementor-widget-container\">\n\t\t\t\t\t<div class=\"elementor-button-wrapper\">\n\t\t\t<a href=\"https:\/\/www.msn.com\/de-de\/gesundheit\/medizinisch\/lauterbach-warnt-vor-massenkrankheit-endometriose-geld-ausgeben-f%C3%BCr-den-kampf-dagegen-will-die-regierung-aber-nicht\/ar-AA10luwp?ocid=msedgntp&amp;cvid=b0d19869c3c94ec8bff4d9be188fa399\" class=\"elementor-button-link elementor-button elementor-size-sm\" target=\"_blank\" role=\"button\">\n\t\t\t\t\t\t<span class=\"elementor-button-content-wrapper\">\n\t\t\t\t\t\t<span class=\"elementor-button-icon elementor-align-icon-left\">\n\t\t\t\t<i class=\"fa fa-hand-o-right\" aria-hidden=\"true\"><\/i>\n\t\t\t<\/span>\n\t\t\t\t\t\t<span class=\"elementor-button-text\">Zum Artikel<\/span>\n\t\t<\/span>\n\t\t\t\t\t<\/a>\n\t\t<\/div>\n\t\t\t\t<\/div>\n\t\t\t\t<\/div>\n\t\t\t\t<div data-id=\"6124574\" class=\"elementor-element elementor-element-6124574 elementor-widget elementor-widget-text-editor\" data-element_type=\"text-editor.default\">\n\t\t\t\t<div class=\"elementor-widget-container\">\n\t\t\t\t\t<div class=\"elementor-text-editor elementor-clearfix\"><ol style=\"font-size: 28px; font-weight: 300;\"><li type=\"a\"><h3>Wir setzen dagegen: Was wei\u00df die Wissenschaft \u00fcber \u201eRANTES und Endometriose\u201c<\/h3><div style=\"font-size: 18px;\"><p>Google Scholar Suche: <em>Endometriosis AND rantes ccl5<\/em> ergibt 1.740 Treffer<\/p><p>PubMed-Suche:\u00a0 <em>Endometriosis AND rantes ccl5<\/em> ergibt 48 Treffer<\/p><p>Jiang L, Yan Y, Liu Z, Wang Y. <strong>Inflammation and endometriosis. <\/strong>Front Biosci (Landmark Ed). 2016 Jun 1;21(5):941-8. doi: 10.2741\/4431. PMID: 27100482.<\/p><p><strong>Summary:<\/strong> Bei Frauen mit Endometriose ist die Expression von RANTES in der Peritonealfl\u00fcssigkeit und im Endometriumgewebe im Vergleich zu Kontrollen erh\u00f6ht (33,34). Das gleiche Ergebnis wurde in der Follikelfl\u00fcssigkeit von Endometriose-Patientinnen beobachtet, die sich einer In-vitro-Fertilisation unterzogen (35). &#8230;Diese Ergebnisse deuten darauf hin, dass RANTES sowohl das Ergebnis der Endometriose als auch ein Promotor von Entz\u00fcndungen in der Pathogenese der Endometriose sein kann. Daher k\u00f6nnte RANTES eine positive R\u00fcckkopplung f\u00fcr die Entz\u00fcndung bei Endometriose spielen.<\/p><p>Sun, X. (2017). Protective effects of marrubiin <strong>improve endometriosis through suppression of the expression of RANTES<\/strong>. Molecular Medicine Reports, 16, 3339-3344. <a href=\"https:\/\/doi.org\/10.3892\/mmr.2017.6969\" target=\"_blank\" rel=\"noopener\">https:\/\/doi.org\/10.3892\/mmr.2017.6969<\/a><\/p><p><strong>Summary:<\/strong> Die vorliegende Studie zeigte, dass Marrubiin die Proteinexpression von RANTES im Endometriosemodell deutlich hemmt.<\/p><\/div><\/li><li type=\"a\"><h3>Was bedeutet das f\u00fcr uns ICOSIM-Therapeuten?<\/h3><div style=\"font-size: 18px;\"><strong>RANTES-Quellen in FDOK aufdecken und therapieren kann Endometriosen verhindern oder Heilung unterst\u00fctzen.<\/strong><\/div><\/li><li type=\"a\"><h3>Dazu unser Mittel: Ultrasonographie mit CaviTAU<sup>\u00ae<\/sup><\/h3><\/li><\/ol><\/div>\n\t\t\t\t<\/div>\n\t\t\t\t<\/div>\n\t\t\t\t<div data-id=\"da228b0\" class=\"elementor-element elementor-element-da228b0 elementor-widget elementor-widget-divider\" data-element_type=\"divider.default\">\n\t\t\t\t<div class=\"elementor-widget-container\">\n\t\t\t\t\t<div class=\"elementor-divider\">\n\t\t\t<span class=\"elementor-divider-separator\"><\/span>\n\t\t<\/div>\n\t\t\t\t<\/div>\n\t\t\t\t<\/div>\n\t\t\t\t<div data-id=\"ea5f8e2\" class=\"elementor-element elementor-element-ea5f8e2 elementor-widget elementor-widget-text-editor\" data-element_type=\"text-editor.default\">\n\t\t\t\t<div class=\"elementor-widget-container\">\n\t\t\t\t\t<div class=\"elementor-text-editor elementor-clearfix\"><ol style=\"font-size: 34px; font-weight: 300;\" start=\"2\"><li><h2>Integrative Jawbone Detox\u00ae Bilanz mit 53.000 CaviTAU\u00ae Scans bei 1.472 Patienten<\/h2><\/li><\/ol><p>Die statistische Evaluation aus unsren <strong>weltweit einmaligen Daten<\/strong> mit 53.000 CaviTAU-Scans bei 1.472 Patienten mit chronischen Immunerkrankungen (DID= chronic immune diseases: Tumore, Rheuma, MS, ALS, multiple Allergien u.\u00e4)\u00a0 von 2017 bis 2022 in unserer Praxisklinik\u00a0 ergibt 3 Kieferknochenbereiche mit verminderter Knochendichte pro CID-Patient <strong>= 3 Kieferknochenbereiche mit RANTES-\u00dcberexpression <\/strong><\/p><\/div>\n\t\t\t\t<\/div>\n\t\t\t\t<\/div>\n\t\t\t\t<div data-id=\"52c5607\" class=\"elementor-element elementor-element-52c5607 elementor-widget elementor-widget-image\" data-element_type=\"image.default\">\n\t\t\t\t<div class=\"elementor-widget-container\">\n\t\t\t\t\t<div class=\"elementor-image\">\n\t\t\t\t\t\t\t\t\t\t\t<a href=\"https:\/\/icosim.de\/es\/wp-content\/uploads\/2022\/08\/1472-Patienten-53000TAU-Scans_2.jpg\" data-elementor-open-lightbox=\"yes\">\n\t\t\t\t\t\t\t<img loading=\"lazy\" decoding=\"async\" width=\"760\" height=\"536\" src=\"https:\/\/icosim.de\/es\/wp-content\/uploads\/sites\/9\/2022\/08\/1472-Patienten-53000TAU-Scans_2-1024x722.jpg\" class=\"attachment-large size-large\" alt=\"\" srcset=\"https:\/\/icosim.de\/es\/wp-content\/uploads\/sites\/9\/2022\/08\/1472-Patienten-53000TAU-Scans_2-1024x722.jpg 1024w, https:\/\/icosim.de\/es\/wp-content\/uploads\/sites\/9\/2022\/08\/1472-Patienten-53000TAU-Scans_2-300x211.jpg 300w, https:\/\/icosim.de\/es\/wp-content\/uploads\/sites\/9\/2022\/08\/1472-Patienten-53000TAU-Scans_2-768x541.jpg 768w, https:\/\/icosim.de\/es\/wp-content\/uploads\/sites\/9\/2022\/08\/1472-Patienten-53000TAU-Scans_2.jpg 1233w\" sizes=\"auto, (max-width: 760px) 100vw, 760px\" \/>\t\t\t\t\t\t\t\t<\/a>\n\t\t\t\t\t\t\t\t\t\t\t<\/div>\n\t\t\t\t<\/div>\n\t\t\t\t<\/div>\n\t\t\t\t<div data-id=\"795c825\" class=\"elementor-element elementor-element-795c825 elementor-widget elementor-widget-text-editor\" data-element_type=\"text-editor.default\">\n\t\t\t\t<div class=\"elementor-widget-container\">\n\t\t\t\t\t<div class=\"elementor-text-editor elementor-clearfix\"><p><strong>Zusammenfassung: <\/strong>In unserer Kohorte von 1.472 CID-Patienten ist RANTES der auff\u00e4lligste Biomarker f\u00fcr lokale und systemische stille Entz\u00fcndungen<\/p><p><strong>Schlussfolgerung: <\/strong>RANTES in Kieferknochen-Hohlr\u00e4umen ist offensichtlich <strong>epidemisch bei Patienten mit CID<\/strong><\/p><\/div>\n\t\t\t\t<\/div>\n\t\t\t\t<\/div>\n\t\t\t\t<div data-id=\"05cbf4e\" class=\"elementor-element elementor-element-05cbf4e elementor-widget elementor-widget-text-editor\" data-element_type=\"text-editor.default\">\n\t\t\t\t<div class=\"elementor-widget-container\">\n\t\t\t\t\t<div class=\"elementor-text-editor elementor-clearfix\"><p><strong>An Alle: Ziel von ICOSIM ist nat\u00fcrlich von allen CaviTAU-Anwendern diese Zahlen in einem RIESIGEN DATENPOOL\u00a0 zusammenzufassen und wissenschaftlich auszuwerten.<\/strong><\/p><p><strong>Wer m\u00f6chte dann noch an FDOK\/\u201cNICO\u201c zweifeln???<\/strong><\/p><p>Bis zum n\u00e4chsten WEEKLY \u00a0verbleibe mit bestem ICOSIM-Gru\u00df<\/p><p>Euer \u00a0Hans Lechner<\/p><\/div>\n\t\t\t\t<\/div>\n\t\t\t\t<\/div>\n\t\t\t\t\t\t<\/div>\n\t\t\t<\/div>\n\t\t<\/div>\n\t\t\t\t\t\t<\/div>\n\t\t\t<\/div>\n\t\t<\/section>\n\t\t\t\t\t\t<\/div>\n\t\t\t<\/div>\n\t\t<\/div>\n\t\t","protected":false},"excerpt":{"rendered":"<p>Liebe ICOSIM Kolleginnen und Kollegen, in diesem zweiten Sommer-WEEKLY stelle ich gerne vor: Lauterbach warnt vor Massenkrankheit Endometriose \u2013 Geld ausgeben f\u00fcr den Kampf dagegen will die Regierung aber nicht! Aus Business Insider Deutschland \/Christine van den Berg 05-08-2022 Endometriose l\u00f6st bei Betroffenen einen gro\u00dfen Leidensdruck aus. Sie sind kraftlos, werden depressiv oder haben Kr\u00e4mpfe [&hellip;]<\/p>\n","protected":false},"author":1,"featured_media":0,"comment_status":"open","ping_status":"open","sticky":false,"template":"","format":"standard","meta":{"footnotes":""},"categories":[1,52],"tags":[],"class_list":["post-4080","post","type-post","status-publish","format-standard","hentry","category-allgemein","category-weekly"],"_links":{"self":[{"href":"https:\/\/icosim.de\/es\/wp-json\/wp\/v2\/posts\/4080","targetHints":{"allow":["GET"]}}],"collection":[{"href":"https:\/\/icosim.de\/es\/wp-json\/wp\/v2\/posts"}],"about":[{"href":"https:\/\/icosim.de\/es\/wp-json\/wp\/v2\/types\/post"}],"author":[{"embeddable":true,"href":"https:\/\/icosim.de\/es\/wp-json\/wp\/v2\/users\/1"}],"replies":[{"embeddable":true,"href":"https:\/\/icosim.de\/es\/wp-json\/wp\/v2\/comments?post=4080"}],"version-history":[{"count":8,"href":"https:\/\/icosim.de\/es\/wp-json\/wp\/v2\/posts\/4080\/revisions"}],"predecessor-version":[{"id":4090,"href":"https:\/\/icosim.de\/es\/wp-json\/wp\/v2\/posts\/4080\/revisions\/4090"}],"wp:attachment":[{"href":"https:\/\/icosim.de\/es\/wp-json\/wp\/v2\/media?parent=4080"}],"wp:term":[{"taxonomy":"category","embeddable":true,"href":"https:\/\/icosim.de\/es\/wp-json\/wp\/v2\/categories?post=4080"},{"taxonomy":"post_tag","embeddable":true,"href":"https:\/\/icosim.de\/es\/wp-json\/wp\/v2\/tags?post=4080"}],"curies":[{"name":"wp","href":"https:\/\/api.w.org\/{rel}","templated":true}]}}