{"id":4026,"date":"2022-07-22T09:09:37","date_gmt":"2022-07-22T07:09:37","guid":{"rendered":"http:\/\/icosim.de\/es\/blog\/2022\/07\/14\/22-icosim-weekly-pubmed-registrierung-heilung-neurodermitis-igaf-symposium-lechner-und-cavitau-lechner-wird-zitiert-2\/"},"modified":"2022-07-22T09:10:47","modified_gmt":"2022-07-22T07:10:47","slug":"23-icosim-weekly-beispiel-einer-schwangeren-patienten-mit-nicos","status":"publish","type":"post","link":"https:\/\/icosim.de\/es\/23-icosim-weekly-beispiel-einer-schwangeren-patienten-mit-nicos\/","title":{"rendered":"23. ICOSIM Weekly \u2013 Beispiel einer Schwangeren Patienten mit NICOs"},"content":{"rendered":"\t\t<div data-elementor-type=\"post\" data-elementor-id=\"4026\" class=\"elementor elementor-4026\" data-elementor-settings=\"[]\">\n\t\t\t<div class=\"elementor-inner\">\n\t\t\t\t<div class=\"elementor-section-wrap\">\n\t\t\t\t\t\t\t<section data-id=\"29ad7855\" class=\"elementor-element elementor-element-29ad7855 elementor-section-boxed elementor-section-height-default elementor-section-height-default elementor-section elementor-top-section\" data-element_type=\"section\">\n\t\t\t\t\t\t<div class=\"elementor-container elementor-column-gap-default\">\n\t\t\t\t<div class=\"elementor-row\">\n\t\t\t\t<div data-id=\"2323ce3e\" class=\"elementor-element elementor-element-2323ce3e elementor-column elementor-col-100 elementor-top-column\" data-element_type=\"column\">\n\t\t\t<div class=\"elementor-column-wrap  elementor-element-populated\">\n\t\t\t\t\t<div class=\"elementor-widget-wrap\">\n\t\t\t\t<div data-id=\"2ba27ca8\" class=\"elementor-element elementor-element-2ba27ca8 elementor-widget elementor-widget-text-editor\" data-element_type=\"text-editor.default\">\n\t\t\t\t<div class=\"elementor-widget-container\">\n\t\t\t\t\t<div class=\"elementor-text-editor elementor-clearfix\"><p>Liebe ICOSIM Kolleginnen und Kollegen,<\/p><p>in diesem ICOSIM Weekly ergreife ich die Gelegenheit zu einem ungewohnt b\u00f6sartigen Ton. Der Anlass ist die Absage eines CaviTAU Termins durch eine Patientin auf Grund der negativen Aussage einer \u201eganzheitlichen\u201c Kollegin\u201c zu CaviTAU und NICO. Warum ist das interessant und wichtig f\u00fcr uns ICOSIM-Mitglieder: Das ist ein wunderbares Beispiel f\u00fcr die klinisch und wissenschaftlich nicht nachvollziehbare Aussage, dass bei \u201eNICO alles mit R\u00f6ntgen\u201c zu sehen sei.<\/p><p>Diesen Kollegen sollte klar sein, wie sehr damit der ganzen seri\u00f6sen Darstellung einer ganzheitsmedizinisch relevanten FDIK Pathologie \u2013 siehe: Extrem hohe RANTES\/CCL5 \u00dcberexpression \u2013 und unserem jahrelangen Bem\u00fchen mit nunmehr 21 PubMed Publikationen geschadet wird. Eine Steilvorlage f\u00fcr die Herren und Damen hinter <a href=\"https:\/\/icosim.de\/es\/blog\/2021\/03\/04\/exklusiv-beschluss-nr-32-gekippt\/\">Beschluss Nr. 32<\/a>!!!!<\/p><\/div>\n\t\t\t\t<\/div>\n\t\t\t\t<\/div>\n\t\t\t\t<div data-id=\"1e08117\" class=\"elementor-element elementor-element-1e08117 elementor-widget elementor-widget-text-editor\" data-element_type=\"text-editor.default\">\n\t\t\t\t<div class=\"elementor-widget-container\">\n\t\t\t\t\t<div class=\"elementor-text-editor elementor-clearfix\"><p><strong>Hier der Ausschnitt aus dem Email der Patientin: <\/strong><\/p><p><em>..auf diesem Wege m\u00f6chte <\/em><em>ich <\/em><em>meinen Termin absagen, da <\/em><em>ich ges<\/em><em>t<\/em><em>ern <\/em><em>bei meiner ganzheitlichen <\/em><em>Zahn\u00e4rztin <\/em><em>war und <\/em><em>sie <\/em><em>mir die Sinnlosigkeit des teuren Ultraschalls in meiner <\/em><em>Lage<\/em> <em>(schwanger im <\/em><em>letzten<\/em> <em>Trimenon) <\/em><em>aufgezeigt<\/em> <em>hat.<\/em><\/p><p><em>Sie<\/em> <em>meinte,<\/em> <em>NICOs<\/em> <em>haben<\/em> <em>95%<\/em> <em>der<\/em> <em>Menschen<\/em> <em>und <\/em><em>es ist sehr sinnvoll, diese sanieren zu lassen, aber keinesfalls vor <\/em><em>Beendigung <\/em><em>der Stillzeit. <\/em><em>Bis <\/em><em>dahin sei aber <\/em><em>das <\/em><em>Ultraschallbild <\/em><em>logischerweise <\/em><em>nicht mehr aktuell usw\u2026!<\/em><\/p><p><strong>\u00a0<\/strong><\/p><p><strong>Hier meine Antwort an die Patientin:<\/strong><\/p><p>Sehr geehrte Frau\u2026\u2026.,\u00a0\u00a0 Besten Dank f\u00fcr die Mitteilung der \u00c4u\u00dferungen unserer \u201eganzheitlichen\u201c Kollegin. Ohne der Kollegin nahe treten zu wollen, darf ich deren \u00c4u\u00dferungen mit folgenden Fakten entkr\u00e4ften:<\/p><ol><li>Der Termin ist nat\u00fcrlich keine \u201eNico\u201c Operation, sondern nur die v\u00f6llig unsch\u00e4dliche Ultraschall-Untersuchung (siehe auch Ultraschall-Bildgebung Ihres Babys ).<\/li><li>Bitte bedenken Sie, dass der Ausdruck \u201eNico\u201c bedeutet, dass sie eine Neuralgie induzierende Entz\u00fcndung im Kieferknochen haben. <strong>Ohne schmerzhafte Neuralgie i<\/strong>st dieser Prozess eine fettig degenerative Osteonekrose und wird in der anerkannten internationalen wissenschaftlichen Literatur FDOK genannt.<\/li><li>Auch wenn nach <a href=\"https:\/\/www.ncbi.nlm.nih.gov\/pubmed\/?term=Lechner+Johann\" target=\"_blank\" rel=\"noopener\">unseren 21 wissenschaftlichen Untersuchungen<\/a> diese FDOK Entz\u00fcndungsareale sehr weit verbreitet sind, so verpflichtet der Gesetzgeber den Arzt, <strong>grunds\u00e4tzlich eine medizinische Indikation zu einem operativen Eingriff zu erstellen<\/strong>. Da die r\u00f6ntgenologische Darstellung einer FDOK allgemein bestritten wird, ist die Ultraschalldarstellung mit <a href=\"https:\/\/cavitau.de\/\" target=\"_blank\" rel=\"noopener\">CaviTAU<\/a> die einzige <strong>z. B. von Schweizer Gesundheitsbeh\u00f6rden anerkannte Darstellungsmethode.<\/strong><\/li><li>Da die FDOK ein ganz langsam fortschreitender Prozess ist, ist auch n<strong>ach Monaten keine wesentliche \u00c4nderung in der Ultraschall Bildgebung zu erwarten.<\/strong><\/li><li>Nat\u00fcrlich folgen wir Ihrem Wunsch und haben den Termin storniert, freuen uns aber, wenn Sie nach der Geburt einen weiteren Termin vereinbaren wollen.<\/li><\/ol><p>Mit besten Gru\u00df und Dank f\u00fcr Ihr Verst\u00e4ndnis f\u00fcr unsere Gegendarstellung<\/p><p>Ihr Dr. J. Lechner<\/p><\/div>\n\t\t\t\t<\/div>\n\t\t\t\t<\/div>\n\t\t\t\t<div data-id=\"9dfe836\" class=\"elementor-element elementor-element-9dfe836 elementor-widget elementor-widget-divider\" data-element_type=\"divider.default\">\n\t\t\t\t<div class=\"elementor-widget-container\">\n\t\t\t\t\t<div class=\"elementor-divider\">\n\t\t\t<span class=\"elementor-divider-separator\"><\/span>\n\t\t<\/div>\n\t\t\t\t<\/div>\n\t\t\t\t<\/div>\n\t\t\t\t<div data-id=\"3b18ca0\" class=\"elementor-element elementor-element-3b18ca0 elementor-widget elementor-widget-text-editor\" data-element_type=\"text-editor.default\">\n\t\t\t\t<div class=\"elementor-widget-container\">\n\t\t\t\t\t<div class=\"elementor-text-editor elementor-clearfix\"><ol start=\"2\">\n<li><strong>Funktionsdiagnostik und Regulationsmedizin:<br><\/strong><br>IGAF Symposium&nbsp;vom 16. bis 18. September 2022 in&nbsp;Bad Kissingen mit Vortrag Hans Lechner:<br><strong style=\"font-size: 22px;\">\u201eEinblick in den Kieferknochen mit Ultraschall &#8211; Zahn- und Kiefer-OP und Systemerkrankung\u201c<\/strong><br><strong><em>am Samstag 17.09.2022 um 14:00<\/em><\/strong><\/li>\n<\/ol><\/div>\n\t\t\t\t<\/div>\n\t\t\t\t<\/div>\n\t\t\t\t<div data-id=\"629bc5b\" class=\"elementor-element elementor-element-629bc5b elementor-align-center elementor-widget elementor-widget-button\" data-element_type=\"button.default\">\n\t\t\t\t<div class=\"elementor-widget-container\">\n\t\t\t\t\t<div class=\"elementor-button-wrapper\">\n\t\t\t<a href=\"https:\/\/www.igafev.com\/igafsymposium\/\" class=\"elementor-button-link elementor-button elementor-size-sm\" role=\"button\">\n\t\t\t\t\t\t<span class=\"elementor-button-content-wrapper\">\n\t\t\t\t\t\t<span class=\"elementor-button-icon elementor-align-icon-left\">\n\t\t\t\t<i class=\"fa fa-hand-o-right\" aria-hidden=\"true\"><\/i>\n\t\t\t<\/span>\n\t\t\t\t\t\t<span class=\"elementor-button-text\">Programm online ansehen und anmelden<\/span>\n\t\t<\/span>\n\t\t\t\t\t<\/a>\n\t\t<\/div>\n\t\t\t\t<\/div>\n\t\t\t\t<\/div>\n\t\t\t\t<div data-id=\"05cbf4e\" class=\"elementor-element elementor-element-05cbf4e elementor-widget elementor-widget-text-editor\" data-element_type=\"text-editor.default\">\n\t\t\t\t<div class=\"elementor-widget-container\">\n\t\t\t\t\t<div class=\"elementor-text-editor elementor-clearfix\"><p>Ich w\u00fcnsche viel Gewinn an Erkenntnis und Mut uns auf dem vielf\u00e4ltigen Weg eine systemisch-immunologischen Zahn- und Kiefersanierung zu folgen und verbleibe mit bestem ICOSIM-Gru\u00df<\/p><p>Euer Hans Lechner<\/p><\/div>\n\t\t\t\t<\/div>\n\t\t\t\t<\/div>\n\t\t\t\t\t\t<\/div>\n\t\t\t<\/div>\n\t\t<\/div>\n\t\t\t\t\t\t<\/div>\n\t\t\t<\/div>\n\t\t<\/section>\n\t\t\t\t\t\t<\/div>\n\t\t\t<\/div>\n\t\t<\/div>\n\t\t","protected":false},"excerpt":{"rendered":"<p>Liebe ICOSIM Kolleginnen und Kollegen, in diesem ICOSIM Weekly ergreife ich die Gelegenheit zu einem ungewohnt b\u00f6sartigen Ton. Der Anlass ist die Absage eines CaviTAU Termins durch eine Patientin auf Grund der negativen Aussage einer \u201eganzheitlichen\u201c Kollegin\u201c zu CaviTAU und NICO. Warum ist das interessant und wichtig f\u00fcr uns ICOSIM-Mitglieder: Das ist ein wunderbares Beispiel [&hellip;]<\/p>\n","protected":false},"author":1,"featured_media":0,"comment_status":"open","ping_status":"open","sticky":false,"template":"","format":"standard","meta":{"footnotes":""},"categories":[1,52],"tags":[],"class_list":["post-4026","post","type-post","status-publish","format-standard","hentry","category-allgemein","category-weekly"],"_links":{"self":[{"href":"https:\/\/icosim.de\/es\/wp-json\/wp\/v2\/posts\/4026","targetHints":{"allow":["GET"]}}],"collection":[{"href":"https:\/\/icosim.de\/es\/wp-json\/wp\/v2\/posts"}],"about":[{"href":"https:\/\/icosim.de\/es\/wp-json\/wp\/v2\/types\/post"}],"author":[{"embeddable":true,"href":"https:\/\/icosim.de\/es\/wp-json\/wp\/v2\/users\/1"}],"replies":[{"embeddable":true,"href":"https:\/\/icosim.de\/es\/wp-json\/wp\/v2\/comments?post=4026"}],"version-history":[{"count":5,"href":"https:\/\/icosim.de\/es\/wp-json\/wp\/v2\/posts\/4026\/revisions"}],"predecessor-version":[{"id":4031,"href":"https:\/\/icosim.de\/es\/wp-json\/wp\/v2\/posts\/4026\/revisions\/4031"}],"wp:attachment":[{"href":"https:\/\/icosim.de\/es\/wp-json\/wp\/v2\/media?parent=4026"}],"wp:term":[{"taxonomy":"category","embeddable":true,"href":"https:\/\/icosim.de\/es\/wp-json\/wp\/v2\/categories?post=4026"},{"taxonomy":"post_tag","embeddable":true,"href":"https:\/\/icosim.de\/es\/wp-json\/wp\/v2\/tags?post=4026"}],"curies":[{"name":"wp","href":"https:\/\/api.w.org\/{rel}","templated":true}]}}