{"id":4009,"date":"2022-07-14T09:10:37","date_gmt":"2022-07-14T07:10:37","guid":{"rendered":"http:\/\/icosim.de\/es\/blog\/2022\/07\/01\/21-icosim-weekly-neuer-pubmed-ueber-heilung-neurodermitis-2\/"},"modified":"2022-07-14T11:20:42","modified_gmt":"2022-07-14T09:20:42","slug":"22-icosim-weekly-pubmed-registrierung-heilung-neurodermitis-igaf-symposium-lechner-und-cavitau-lechner-wird-zitiert","status":"publish","type":"post","link":"https:\/\/icosim.de\/es\/22-icosim-weekly-pubmed-registrierung-heilung-neurodermitis-igaf-symposium-lechner-und-cavitau-lechner-wird-zitiert\/","title":{"rendered":"22. ICOSIM Weekly \u2013 PubMed Registrierung-Heilung NEURODERMITIS \u2013 IGAF Symposium Lechner und CaviTAU \u2013 Lechner wird zitiert"},"content":{"rendered":"\t\t<div data-elementor-type=\"post\" data-elementor-id=\"4009\" class=\"elementor elementor-4009\" data-elementor-settings=\"[]\">\n\t\t\t<div class=\"elementor-inner\">\n\t\t\t\t<div class=\"elementor-section-wrap\">\n\t\t\t\t\t\t\t<section data-id=\"29ad7855\" class=\"elementor-element elementor-element-29ad7855 elementor-section-boxed elementor-section-height-default elementor-section-height-default elementor-section elementor-top-section\" data-element_type=\"section\">\n\t\t\t\t\t\t<div class=\"elementor-container elementor-column-gap-default\">\n\t\t\t\t<div class=\"elementor-row\">\n\t\t\t\t<div data-id=\"2323ce3e\" class=\"elementor-element elementor-element-2323ce3e elementor-column elementor-col-100 elementor-top-column\" data-element_type=\"column\">\n\t\t\t<div class=\"elementor-column-wrap  elementor-element-populated\">\n\t\t\t\t\t<div class=\"elementor-widget-wrap\">\n\t\t\t\t<div data-id=\"2ba27ca8\" class=\"elementor-element elementor-element-2ba27ca8 elementor-widget elementor-widget-text-editor\" data-element_type=\"text-editor.default\">\n\t\t\t\t<div class=\"elementor-widget-container\">\n\t\t\t\t\t<div class=\"elementor-text-editor elementor-clearfix\"><p>Liebe ICOSIM Kolleginnen und Kollegen,<\/p><p>sorry, dass dieses ICOSIM Weekly etwas ungewohnt mitten in der Woche erscheint. Da vom Donnerstag bis Samstag dieser Woche unser traditionelles OP-Seminar mit Live-FDOK-Sanierungen stattfindet, werde ich mit Seminararbeit belegt sein.<\/p><ol><li>Im vorigen WEEKLY berichteten wir \u00fcber unsere neueste Forschungsarbeit: <strong><br \/>\u201e<\/strong><strong><em>Linking dentistry and <\/em><\/strong><strong><em>chronic inflammatory autoimmune<\/em><\/strong> <strong><em>diseases <\/em><\/strong><strong><em>\u2013 Can oral and jawbone stressors affect systemic symptoms of Atopic Dermatitis? &#8211;\u00a0 A case report\u201c.\u00a0 <br \/><\/em><\/strong>K\u00f6nnen unvertr\u00e4gliche Titan-Implantate und andere Metallreste im Kiefer in Verbindung mit toten Z\u00e4hnen und Entz\u00fcndungen im Kieferknochen mit signifikant erh\u00f6hten RANTES\/CCL5-Werten eine seit Jahren therapieresistente Neurodermitis ausl\u00f6sen?<\/li><\/ol><\/div>\n\t\t\t\t<\/div>\n\t\t\t\t<\/div>\n\t\t\t\t<div data-id=\"668b9cd\" class=\"elementor-element elementor-element-668b9cd elementor-align-center elementor-widget elementor-widget-button\" data-element_type=\"button.default\">\n\t\t\t\t<div class=\"elementor-widget-container\">\n\t\t\t\t\t<div class=\"elementor-button-wrapper\">\n\t\t\t<a href=\"https:\/\/www.dr-lechner.de\/assets\/Sch-Le-No_Linking-dentistry-autoimmune-diseas.pdf\" class=\"elementor-button-link elementor-button elementor-size-sm\" role=\"button\">\n\t\t\t\t\t\t<span class=\"elementor-button-content-wrapper\">\n\t\t\t\t\t\t<span class=\"elementor-button-icon elementor-align-icon-left\">\n\t\t\t\t<i class=\"fa fa-hand-o-right\" aria-hidden=\"true\"><\/i>\n\t\t\t<\/span>\n\t\t\t\t\t\t<span class=\"elementor-button-text\">Artikel download<\/span>\n\t\t<\/span>\n\t\t\t\t\t<\/a>\n\t\t<\/div>\n\t\t\t\t<\/div>\n\t\t\t\t<\/div>\n\t\t\t\t<div data-id=\"84d4528\" class=\"elementor-element elementor-element-84d4528 elementor-widget elementor-widget-text-editor\" data-element_type=\"text-editor.default\">\n\t\t\t\t<div class=\"elementor-widget-container\">\n\t\t\t\t\t<div class=\"elementor-text-editor elementor-clearfix\"><p><strong>Jetzt auch in PubMed registriert und damit objektiver Bestanteil einer wissenschaftlichen Forschung: \u00a0<\/strong><\/p><\/div>\n\t\t\t\t<\/div>\n\t\t\t\t<\/div>\n\t\t\t\t<div data-id=\"a262849\" class=\"elementor-element elementor-element-a262849 elementor-align-center elementor-widget elementor-widget-button\" data-element_type=\"button.default\">\n\t\t\t\t<div class=\"elementor-widget-container\">\n\t\t\t\t\t<div class=\"elementor-button-wrapper\">\n\t\t\t<a href=\"https:\/\/pubmed.ncbi.nlm.nih.gov\/35782227\/\" class=\"elementor-button-link elementor-button elementor-size-sm\" role=\"button\">\n\t\t\t\t\t\t<span class=\"elementor-button-content-wrapper\">\n\t\t\t\t\t\t<span class=\"elementor-button-icon elementor-align-icon-left\">\n\t\t\t\t<i class=\"fa fa-hand-o-right\" aria-hidden=\"true\"><\/i>\n\t\t\t<\/span>\n\t\t\t\t\t\t<span class=\"elementor-button-text\">Artikel in PubMed<\/span>\n\t\t<\/span>\n\t\t\t\t\t<\/a>\n\t\t<\/div>\n\t\t\t\t<\/div>\n\t\t\t\t<\/div>\n\t\t\t\t<div data-id=\"8e5bd94\" class=\"elementor-element elementor-element-8e5bd94 elementor-widget elementor-widget-text-editor\" data-element_type=\"text-editor.default\">\n\t\t\t\t<div class=\"elementor-widget-container\">\n\t\t\t\t\t<div class=\"elementor-text-editor elementor-clearfix\"><p>Die Arbeit verkn\u00fcpft mit 61 Literaturangeben die Neurodermitis mit wissenschfatlich fundierten Aspekten einer v\u00f6llig neue Fachrichtung einer \u201e<strong>Maxillo-mandibl\u00e4ren Osteoimmunology<\/strong>\u201c.<\/p><\/div>\n\t\t\t\t<\/div>\n\t\t\t\t<\/div>\n\t\t\t\t<div data-id=\"949862c\" class=\"elementor-element elementor-element-949862c elementor-widget elementor-widget-image\" data-element_type=\"image.default\">\n\t\t\t\t<div class=\"elementor-widget-container\">\n\t\t\t\t\t<div class=\"elementor-image\">\n\t\t\t\t\t\t\t\t\t\t\t<a href=\"https:\/\/www.linkedin.com\/posts\/johann-lechner-90394034_praxisklinik-praxisklinikdrlechner-dermatitis-activity-6949684595919360000-2KVc\" data-elementor-open-lightbox=\"\">\n\t\t\t\t\t\t\t<img decoding=\"async\" src=\"https:\/\/icosim.de\/es\/wp-content\/uploads\/sites\/9\/2022\/07\/Linking-dentistry-and-chronic-inflammatory-autoimmune-diseases.png\" title=\"Linking-dentistry-and-chronic-inflammatory-autoimmune-diseases\" alt=\"Linking-dentistry-and-chronic-inflammatory-autoimmune-diseases\" \/>\t\t\t\t\t\t\t\t<\/a>\n\t\t\t\t\t\t\t\t\t\t\t<\/div>\n\t\t\t\t<\/div>\n\t\t\t\t<\/div>\n\t\t\t\t<div data-id=\"31168f2\" class=\"elementor-element elementor-element-31168f2 elementor-widget elementor-widget-divider\" data-element_type=\"divider.default\">\n\t\t\t\t<div class=\"elementor-widget-container\">\n\t\t\t\t\t<div class=\"elementor-divider\">\n\t\t\t<span class=\"elementor-divider-separator\"><\/span>\n\t\t<\/div>\n\t\t\t\t<\/div>\n\t\t\t\t<\/div>\n\t\t\t\t<div data-id=\"2f71851\" class=\"elementor-element elementor-element-2f71851 elementor-widget elementor-widget-text-editor\" data-element_type=\"text-editor.default\">\n\t\t\t\t<div class=\"elementor-widget-container\">\n\t\t\t\t\t<div class=\"elementor-text-editor elementor-clearfix\"><ol start=\"2\">\n<li><strong>Funktionsdiagnostik und Regulationsmedizin:<br><\/strong><br>IGAF Symposium&nbsp;vom 16. bis 18. September 2022 in&nbsp;Bad Kissingen mit Vortrag Hans Lechner:<br><strong style=\"font-size: 22px;\">\u201eEinblick in den Kieferknochen mit Ultraschall &#8211; Zahn- und Kiefer-OP und Systemerkrankung\u201c<\/strong><br><strong><em>am Samstag 17.09.2022 um 14:00<\/em><\/strong><\/li>\n<\/ol><\/div>\n\t\t\t\t<\/div>\n\t\t\t\t<\/div>\n\t\t\t\t<div data-id=\"036bd64\" class=\"elementor-element elementor-element-036bd64 elementor-align-center elementor-widget elementor-widget-button\" data-element_type=\"button.default\">\n\t\t\t\t<div class=\"elementor-widget-container\">\n\t\t\t\t\t<div class=\"elementor-button-wrapper\">\n\t\t\t<a href=\"https:\/\/www.igafev.com\/igafsymposium\/\" class=\"elementor-button-link elementor-button elementor-size-sm\" role=\"button\">\n\t\t\t\t\t\t<span class=\"elementor-button-content-wrapper\">\n\t\t\t\t\t\t<span class=\"elementor-button-icon elementor-align-icon-left\">\n\t\t\t\t<i class=\"fa fa-hand-o-right\" aria-hidden=\"true\"><\/i>\n\t\t\t<\/span>\n\t\t\t\t\t\t<span class=\"elementor-button-text\">Programm online ansehen und anmelden<\/span>\n\t\t<\/span>\n\t\t\t\t\t<\/a>\n\t\t<\/div>\n\t\t\t\t<\/div>\n\t\t\t\t<\/div>\n\t\t\t\t<div data-id=\"05cbf4e\" class=\"elementor-element elementor-element-05cbf4e elementor-widget elementor-widget-text-editor\" data-element_type=\"text-editor.default\">\n\t\t\t\t<div class=\"elementor-widget-container\">\n\t\t\t\t\t<div class=\"elementor-text-editor elementor-clearfix\"><p>Ich w\u00fcnsche viel Gewinn an Erkenntnis und Mut uns auf dem vielf\u00e4ltigen Weg eine systemisch-immunologischen Zahn- und Kiefersanierung zu folgen und verbleibe mit bestem ICOSIM-Gru\u00df<\/p><p>Euer Hans Lechner<\/p><\/div>\n\t\t\t\t<\/div>\n\t\t\t\t<\/div>\n\t\t\t\t\t\t<\/div>\n\t\t\t<\/div>\n\t\t<\/div>\n\t\t\t\t\t\t<\/div>\n\t\t\t<\/div>\n\t\t<\/section>\n\t\t\t\t\t\t<\/div>\n\t\t\t<\/div>\n\t\t<\/div>\n\t\t","protected":false},"excerpt":{"rendered":"<p>Liebe ICOSIM Kolleginnen und Kollegen, sorry, dass dieses ICOSIM Weekly etwas ungewohnt mitten in der Woche erscheint. Da vom Donnerstag bis Samstag dieser Woche unser traditionelles OP-Seminar mit Live-FDOK-Sanierungen stattfindet, werde ich mit Seminararbeit belegt sein. Im vorigen WEEKLY berichteten wir \u00fcber unsere neueste Forschungsarbeit: \u201eLinking dentistry and chronic inflammatory autoimmune diseases \u2013 Can oral [&hellip;]<\/p>\n","protected":false},"author":1,"featured_media":0,"comment_status":"open","ping_status":"open","sticky":false,"template":"","format":"standard","meta":{"footnotes":""},"categories":[1,52],"tags":[],"class_list":["post-4009","post","type-post","status-publish","format-standard","hentry","category-allgemein","category-weekly"],"_links":{"self":[{"href":"https:\/\/icosim.de\/es\/wp-json\/wp\/v2\/posts\/4009","targetHints":{"allow":["GET"]}}],"collection":[{"href":"https:\/\/icosim.de\/es\/wp-json\/wp\/v2\/posts"}],"about":[{"href":"https:\/\/icosim.de\/es\/wp-json\/wp\/v2\/types\/post"}],"author":[{"embeddable":true,"href":"https:\/\/icosim.de\/es\/wp-json\/wp\/v2\/users\/1"}],"replies":[{"embeddable":true,"href":"https:\/\/icosim.de\/es\/wp-json\/wp\/v2\/comments?post=4009"}],"version-history":[{"count":10,"href":"https:\/\/icosim.de\/es\/wp-json\/wp\/v2\/posts\/4009\/revisions"}],"predecessor-version":[{"id":4024,"href":"https:\/\/icosim.de\/es\/wp-json\/wp\/v2\/posts\/4009\/revisions\/4024"}],"wp:attachment":[{"href":"https:\/\/icosim.de\/es\/wp-json\/wp\/v2\/media?parent=4009"}],"wp:term":[{"taxonomy":"category","embeddable":true,"href":"https:\/\/icosim.de\/es\/wp-json\/wp\/v2\/categories?post=4009"},{"taxonomy":"post_tag","embeddable":true,"href":"https:\/\/icosim.de\/es\/wp-json\/wp\/v2\/tags?post=4009"}],"curies":[{"name":"wp","href":"https:\/\/api.w.org\/{rel}","templated":true}]}}