{"id":2669,"date":"2021-01-29T11:07:57","date_gmt":"2021-01-29T10:07:57","guid":{"rendered":"http:\/\/icosim.de\/es\/?p=2669"},"modified":"2021-11-11T12:24:20","modified_gmt":"2021-11-11T11:24:20","slug":"6-icosim-weekly-sind-wir-mit-cavitau-doch-nicht-allein-in-der-zahnmedizin","status":"publish","type":"post","link":"https:\/\/icosim.de\/es\/6-icosim-weekly-sind-wir-mit-cavitau-doch-nicht-allein-in-der-zahnmedizin\/","title":{"rendered":"6. ICOSIM Weekly &#8211; Sind wir mit CaviTAU\u00ae doch nicht allein in der Zahnmedizin?"},"content":{"rendered":"\t\t<div data-elementor-type=\"post\" data-elementor-id=\"2669\" class=\"elementor elementor-2669\" data-elementor-settings=\"[]\">\n\t\t\t<div class=\"elementor-inner\">\n\t\t\t\t<div class=\"elementor-section-wrap\">\n\t\t\t\t\t\t\t<section data-id=\"29ad7855\" class=\"elementor-element elementor-element-29ad7855 elementor-section-boxed elementor-section-height-default elementor-section-height-default elementor-section elementor-top-section\" data-element_type=\"section\">\n\t\t\t\t\t\t<div class=\"elementor-container elementor-column-gap-default\">\n\t\t\t\t<div class=\"elementor-row\">\n\t\t\t\t<div data-id=\"2323ce3e\" class=\"elementor-element elementor-element-2323ce3e elementor-column elementor-col-100 elementor-top-column\" data-element_type=\"column\">\n\t\t\t<div class=\"elementor-column-wrap  elementor-element-populated\">\n\t\t\t\t\t<div class=\"elementor-widget-wrap\">\n\t\t\t\t<div data-id=\"2ba27ca8\" class=\"elementor-element elementor-element-2ba27ca8 elementor-widget elementor-widget-text-editor\" data-element_type=\"text-editor.default\">\n\t\t\t\t<div class=\"elementor-widget-container\">\n\t\t\t\t\t<div class=\"elementor-text-editor elementor-clearfix\"><h2><span style=\"color: #28328c;\">Gibt es noch ein weiteres Ultraschall Ger\u00e4t f\u00fcr Zahn\u00e4rzte?<\/span><\/h2><p><strong>Wir vom CaviTAU\u00ae Entwickler-Team (<a href=\"http:\/\/www.cavitau.de\">www.cavitau.de<\/a> ) sind erschrocken: Die Pressestelle der <a href=\"https:\/\/idw-online.de\/de\/institution210\">Universit\u00e4t Rostock<\/a> meldet (hier gek\u00fcrzt zitiert und leicht ver\u00e4ndert):<\/strong><\/p><p><em>\u00bb\u00bb <strong>Spezial-Ultraschallger\u00e4t<\/strong> <strong>soll neue \u00c4ra in der Zahndiagnostik einl\u00e4uten<\/strong>: <\/em><em>Rund 37 Prozent der in der Medizin erstellten R\u00f6ntgenaufnahmen werden im Bereich der Zahn-, Mund- und Kieferheilkunde gefertigt. Ein neues gro\u00dfes medizintechnisches Forschungsvorhaben soll dazu beitragen, <strong>die Strahlenbelastung f\u00fcr Patienten und das Fachpersonal in der Zahnheilkunde deutlich zu senken<\/strong>.<br \/><\/em><em>\u2026.<\/em><em> Kooperationspartner sind die Poliklinik f\u00fcr Zahn\u00e4rztliche Prothetik und Werkstoffkunde der Universit\u00e4t Rostock und das Institut f\u00fcr ImplantatTechnologie und Biomaterialien an der Universit\u00e4t Rostock\u2026.<\/em><em>\u2026<\/em><em> Das Wirtschaftsministerium Mecklenburg-Vorpommern f\u00f6rdert das Vorhaben mit Mitteln aus dem Europ\u00e4ischen Fonds f\u00fcr regionale Entwicklung (EFRE) und dem Europ\u00e4ischen Sozialfonds (ESF) in H\u00f6he von 1,37 Millionen Euro. <strong>Das Gesamtprojektvolumen betr\u00e4gt 1,74 Millionen Euro. <\/strong>Im Rahmen des Vorhabens soll ein Ultraschallger\u00e4t f\u00fcr die <strong>dreidimensionale und r\u00f6ntgenstrahlenfreie Tiefendiagnostik in Zahnarztpraxen <\/strong>entwickelt werden.<\/em><\/p><p><em>Die Idee zu diesem <strong>weltweit einzigartigen Instrumentarium<\/strong> in der Dentalmedizin ist aus der jahrelangen Zusammenarbeit mit Zahn\u00e4rzten entstanden, <strong>die immer wieder mit der R\u00f6ntgentechnik an ihre Grenzen sto\u00dfen. F\u00fcr uns steht der Nutzen f\u00fcr unsere Patienten im Mittelpunkt\u201c, <\/strong>unterstrich der Direktor der Poliklinik f\u00fcr Zahn\u00e4rztliche Prothetik und Werkstoffkunde und Gesch\u00e4ftsf\u00fchrende Direktor der Klinik und Polikliniken f\u00fcr Zahn-, Mund- und Kieferheilkunde an der Universit\u00e4t Rostock<\/em>. <em>Einen weiteren Mehrwert in der Bildqualit\u00e4t im Vergleich zu den R\u00f6ntgenaufnahmen erwartet der Zahnmediziner <strong>durch die weitreichende Erfassung der kn\u00f6chernen Strukturen im Zahnhalteapparat und in der Umgebung von Zahnimplantaten \u00ab\u00ab<br \/><\/strong><\/em><\/p><p><span style=\"color: #ff0000;\"><strong>Jemals wieder von dem Rostock-Ger\u00e4t geh\u00f6rt? <\/strong><\/span><strong><span style=\"color: #ff0000;\">Nat\u00fcrlich nicht, denn dies ist eine Meldung aus 2011!<\/span> <\/strong><\/p><p>\u00a0<\/p><ul><li><span style=\"color: #28328c;\">Wir von CaviTAU\u00ae h\u00f6ren gerne, wie sinnvoll und auch universit\u00e4r erw\u00fcnscht eine strahlenfreie Ultraschall-Erfassung von Knochenqualit\u00e4t im Kiefer w\u00e4re.<\/span><\/li><li><span style=\"color: #28328c;\">CaviTAU\u00ae stellt ein solches Ger\u00e4t her und macht es f\u00fcr jeden Zahnarzt verf\u00fcgbar, zugelassen, validiert und patentiert.<\/span><\/li><li><span style=\"color: #28328c;\">\u00a0Die komplette Entwicklung wird selbst finanziert und\u00a0CaviTAU\u00ae kann nicht auf Steuergelder in Millionenh\u00f6he zur\u00fcckgreifen.<\/span><\/li><li><span style=\"color: #28328c;\"><strong>Mit CaviTAU\u00ae sind wir nun doch die Einzigen auf dem Weg in die strahlungsfreie Zahnmedizin .<\/strong><\/span><\/li><\/ul><p><strong>Nutzen Sie diese einzigartige Entwicklung f\u00fcr erfolgreiche Strukturanalyse im kn\u00f6chernen Umfeld von Implantaten und St\u00f6rfeldern! <\/strong><strong>Bislang sind zwei wissenschaftlich-indexierte Publikationen zu Validierung und einzigartiger Anwendung von CaviTAU\u00ae erschienen:<\/strong><\/p><ol><li>\u201cLechner J, von Baehr V, Zimmermann B.\u00a0<em><strong>Osteonecrosis of the Jaw Beyond Bisphosphonates: Are There Any Unknown Local Risk Factors?.<\/strong><\/em><strong>\u00a0<\/strong><em>Clin Cosmet Investig Dent<\/em>. 2021;13:21-37.\u00a0<\/li><li>\u201eLechner J, Zimmermann B, Schmidt M, von Baehr V. <strong><em>Ultrasound Sonography to Detect Focal Osteoporotic Jawbone Marrow Defects: Clinical Comparative Study with Corresponding Hounsfield Units and RANTES\/CCL5 Expression.\u00a0<\/em><\/strong><em>Clin Cosmet Investig Dent<\/em><em>. 2020;12:205-216<\/em>. https:\/\/doi.org\/10.2147\/CCIDE.S247345\u201c<\/li><\/ol><p><span style=\"text-decoration: underline;\"><span style=\"color: #00aae1; text-decoration: underline;\">Hier geht\u2019s direkt zum Artikel:<\/span><\/span>\u00a0<a href=\"https:\/\/www.dovepress.com\/articles.php?article_id=54222\">https:\/\/www.dovepress.com\/articles.php?article_id=54222<\/a><\/p><p><span style=\"text-decoration: underline;\"><span style=\"color: #00aae1; text-decoration: underline;\">Link on PubMed:<\/span> <\/span><a href=\"https:\/\/pubmed.ncbi.nlm.nih.gov\/32801922\/\">https:\/\/pubmed.ncbi.nlm.nih.gov\/32801922\/<\/a><\/p><p>\u00a0<\/p><p>\u00a0<\/p><\/div>\n\t\t\t\t<\/div>\n\t\t\t\t<\/div>\n\t\t\t\t\t\t<\/div>\n\t\t\t<\/div>\n\t\t<\/div>\n\t\t\t\t\t\t<\/div>\n\t\t\t<\/div>\n\t\t<\/section>\n\t\t\t\t\t\t<\/div>\n\t\t\t<\/div>\n\t\t<\/div>\n\t\t","protected":false},"excerpt":{"rendered":"<p>Gibt es noch ein weiteres Ultraschall Ger\u00e4t f\u00fcr Zahn\u00e4rzte? Wir vom CaviTAU\u00ae Entwickler-Team (www.cavitau.de ) sind erschrocken: Die Pressestelle der Universit\u00e4t Rostock meldet (hier gek\u00fcrzt zitiert und leicht ver\u00e4ndert): \u00bb\u00bb Spezial-Ultraschallger\u00e4t soll neue \u00c4ra in der Zahndiagnostik einl\u00e4uten: Rund 37 Prozent der in der Medizin erstellten R\u00f6ntgenaufnahmen werden im Bereich der Zahn-, Mund- und Kieferheilkunde [&hellip;]<\/p>\n","protected":false},"author":1,"featured_media":0,"comment_status":"open","ping_status":"open","sticky":false,"template":"","format":"standard","meta":{"footnotes":""},"categories":[1,52],"tags":[],"class_list":["post-2669","post","type-post","status-publish","format-standard","hentry","category-allgemein","category-weekly"],"_links":{"self":[{"href":"https:\/\/icosim.de\/es\/wp-json\/wp\/v2\/posts\/2669","targetHints":{"allow":["GET"]}}],"collection":[{"href":"https:\/\/icosim.de\/es\/wp-json\/wp\/v2\/posts"}],"about":[{"href":"https:\/\/icosim.de\/es\/wp-json\/wp\/v2\/types\/post"}],"author":[{"embeddable":true,"href":"https:\/\/icosim.de\/es\/wp-json\/wp\/v2\/users\/1"}],"replies":[{"embeddable":true,"href":"https:\/\/icosim.de\/es\/wp-json\/wp\/v2\/comments?post=2669"}],"version-history":[{"count":4,"href":"https:\/\/icosim.de\/es\/wp-json\/wp\/v2\/posts\/2669\/revisions"}],"predecessor-version":[{"id":2673,"href":"https:\/\/icosim.de\/es\/wp-json\/wp\/v2\/posts\/2669\/revisions\/2673"}],"wp:attachment":[{"href":"https:\/\/icosim.de\/es\/wp-json\/wp\/v2\/media?parent=2669"}],"wp:term":[{"taxonomy":"category","embeddable":true,"href":"https:\/\/icosim.de\/es\/wp-json\/wp\/v2\/categories?post=2669"},{"taxonomy":"post_tag","embeddable":true,"href":"https:\/\/icosim.de\/es\/wp-json\/wp\/v2\/tags?post=2669"}],"curies":[{"name":"wp","href":"https:\/\/api.w.org\/{rel}","templated":true}]}}