{"id":2532,"date":"2020-11-27T07:14:05","date_gmt":"2020-11-27T06:14:05","guid":{"rendered":"http:\/\/icosim.de\/es\/?p=2532"},"modified":"2021-11-11T12:24:20","modified_gmt":"2021-11-11T11:24:20","slug":"icosim-weekly-tumor-odontogene-stoerfelder","status":"publish","type":"post","link":"https:\/\/icosim.de\/es\/icosim-weekly-tumor-odontogene-stoerfelder\/","title":{"rendered":"2. ICOSIM Weekly &#8211; Tumor &#038; odontogene St\u00f6rfelder"},"content":{"rendered":"\t\t<div data-elementor-type=\"post\" data-elementor-id=\"2532\" class=\"elementor elementor-2532\" data-elementor-settings=\"[]\">\n\t\t\t<div class=\"elementor-inner\">\n\t\t\t\t<div class=\"elementor-section-wrap\">\n\t\t\t\t\t\t\t<section data-id=\"29ad7855\" class=\"elementor-element elementor-element-29ad7855 elementor-section-boxed elementor-section-height-default elementor-section-height-default elementor-section elementor-top-section\" data-element_type=\"section\">\n\t\t\t\t\t\t<div class=\"elementor-container elementor-column-gap-default\">\n\t\t\t\t<div class=\"elementor-row\">\n\t\t\t\t<div data-id=\"2323ce3e\" class=\"elementor-element elementor-element-2323ce3e elementor-column elementor-col-100 elementor-top-column\" data-element_type=\"column\">\n\t\t\t<div class=\"elementor-column-wrap  elementor-element-populated\">\n\t\t\t\t\t<div class=\"elementor-widget-wrap\">\n\t\t\t\t<div data-id=\"2ba27ca8\" class=\"elementor-element elementor-element-2ba27ca8 elementor-widget elementor-widget-text-editor\" data-element_type=\"text-editor.default\">\n\t\t\t\t<div class=\"elementor-widget-container\">\n\t\t\t\t\t<div class=\"elementor-text-editor elementor-clearfix\"><h2><span style=\"color: #28328c;\"><strong>Fallbericht zur prozessoptimierten Sanierung und Therapiekontrolle mit CaviTAU\u00ae<\/strong><\/span><\/h2><p>Dieser kleine Beitrag zeigt eine diagnostische und therapeutische Zielsetzung, die innerhalb des vorherrschenden Systems einer auf klar definierte Reparatur- und Ersatzma\u00dfnahmen fokussierten Zahn-, Mund- und Kieferheilkunde bislang wenig Beachtung findet. Eine komplement\u00e4rmedizinische prozessoptimierte Sanierung und Therapiekontrolle mit der Messung der Knochendichte mit dem Ultraschallger\u00e4t CaviTAU\u00ae soll diese L\u00fccke decken und Mediziner und Zahnmediziner zu einer integrativ orientierten Anwendung anregen.<\/p><h3><span style=\"color: #28328c;\"><u><strong>1. Der Fall:<\/strong><\/u><\/span><\/h3><p><strong>Patient, m\u00e4nnlich, Alter 40 Jahre<\/strong><\/p><p><span style=\"text-decoration: underline;\"><strong>Diagnose:<\/strong> <\/span>Gammopathie unklarer Signifikanz: \u00a0Unkontrollierte <a href=\"https:\/\/flexikon.doccheck.com\/de\/Proliferation\">Proliferation<\/a> <a href=\"https:\/\/flexikon.doccheck.com\/de\/Maligne\">maligne<\/a> transformierter <a href=\"https:\/\/flexikon.doccheck.com\/de\/Plasmazelle\">Plasmazellen<\/a>.<\/p><p><span style=\"text-decoration: underline;\"><strong>Memo:<\/strong><\/span> Viele andere maligne Erkrankungen sind\u00a0 mit einer monoklonalen Gammopathie assoziiert:<\/p><ul><li><a href=\"https:\/\/flexikon.doccheck.com\/de\/Non-Hodgkin-Lymphom\">Non-Hodgkin-Lymphome<\/a> (<a href=\"https:\/\/flexikon.doccheck.com\/de\/Multiples_Myelom\">Multiples Myelom<\/a>, <a href=\"https:\/\/flexikon.doccheck.com\/de\/Morbus_Waldenstr%C3%B6m\"><strong>Morbus Waldenstr\u00f6m<\/strong><\/a>)<a href=\"https:\/\/flexikon.doccheck.com\/de\/Chronische_lymphatische_Leuk%C3%A4mie\">, Chronische lymphatische Leuk\u00e4mie<\/a>\u00a0oder sonstige\u00a0<a href=\"https:\/\/flexikon.doccheck.com\/de\/Lymphome\">Lymphome<\/a><\/li><\/ul><ul><li>Nicht lymphatische Neoplasien wie z.B.\u00a0<a href=\"https:\/\/flexikon.doccheck.com\/de\/Chronische_myeloische_Leuk%C3%A4mie\">Chronische myeloische Leuk\u00e4mie<\/a>,\u00a0<a href=\"https:\/\/flexikon.doccheck.com\/de\/Mammakarzinom\">Mammakarzinom<\/a>,\u00a0<a href=\"https:\/\/flexikon.doccheck.com\/de\/Kolonkarzinom\">Kolonkarzinom<\/a><\/li><li>zahlreiche\u00a0<a href=\"https:\/\/flexikon.doccheck.com\/de\/Autoimmunerkrankung\">Autoimmunerkrankungen<\/a>wie\u00a0<a href=\"https:\/\/flexikon.doccheck.com\/de\/Rheumatoide_Arthritis\">rheumatoide Arthritis<\/a>,\u00a0<a href=\"https:\/\/flexikon.doccheck.com\/de\/Myasthenia_gravis\">Myasthenia gravis<\/a>,\u00a0<a href=\"https:\/\/flexikon.doccheck.com\/de\/K%C3%A4lteagglutininkrankheit\">K\u00e4lteagglutininkrankheit<\/a>,\u00a0<a href=\"https:\/\/flexikon.doccheck.com\/de\/Pernizi%C3%B6se_An%C3%A4mie\">pernizi\u00f6se An\u00e4mie<\/a><\/li><\/ul><p>Das Therapie-Spektrum reicht von <a href=\"https:\/\/flexikon.doccheck.com\/de\/index.php?title=Watchful_waiting&amp;action=edit&amp;redlink=1\">watchful waiting<\/a> bis hin zur Chemotherapie und allogener Stammzelltransplantation<\/p><h3><span style=\"color: #28328c;\"><u><strong>2. <\/strong><strong>Unsere Diagnostik<\/strong><\/u><\/span><\/h3><p><span style=\"color: #28328c;\"><strong>2.1 OPG<\/strong><\/span><\/p><p><img loading=\"lazy\" decoding=\"async\" class=\"alignnone wp-image-2549 size-large\" src=\"https:\/\/icosim.de\/es\/wp-content\/uploads\/2020\/11\/Icosim-Weekly_Nov_OPG-1024x452.jpg\" alt=\"\" width=\"760\" height=\"335\" srcset=\"https:\/\/icosim.de\/es\/wp-content\/uploads\/sites\/9\/2020\/11\/Icosim-Weekly_Nov_OPG-1024x452.jpg 1024w, https:\/\/icosim.de\/es\/wp-content\/uploads\/sites\/9\/2020\/11\/Icosim-Weekly_Nov_OPG-300x133.jpg 300w, https:\/\/icosim.de\/es\/wp-content\/uploads\/sites\/9\/2020\/11\/Icosim-Weekly_Nov_OPG-768x339.jpg 768w, https:\/\/icosim.de\/es\/wp-content\/uploads\/sites\/9\/2020\/11\/Icosim-Weekly_Nov_OPG.jpg 1849w\" sizes=\"auto, (max-width: 760px) 100vw, 760px\" \/><\/p><p><span style=\"color: #28328c;\"><strong>2.2 CaviTAU\u00ae &#8211; PR\u00c4<\/strong><\/span><\/p><p><strong>\u00a0<img loading=\"lazy\" decoding=\"async\" class=\"alignnone wp-image-2551 size-large\" src=\"https:\/\/icosim.de\/es\/wp-content\/uploads\/2020\/11\/Icosim-Weekly_Nov_WB-CaviTAU-1-1024x594.jpg\" alt=\"\" width=\"760\" height=\"441\" srcset=\"https:\/\/icosim.de\/es\/wp-content\/uploads\/sites\/9\/2020\/11\/Icosim-Weekly_Nov_WB-CaviTAU-1-1024x594.jpg 1024w, https:\/\/icosim.de\/es\/wp-content\/uploads\/sites\/9\/2020\/11\/Icosim-Weekly_Nov_WB-CaviTAU-1-300x174.jpg 300w, https:\/\/icosim.de\/es\/wp-content\/uploads\/sites\/9\/2020\/11\/Icosim-Weekly_Nov_WB-CaviTAU-1-768x445.jpg 768w\" sizes=\"auto, (max-width: 760px) 100vw, 760px\" \/><\/strong><\/p><p><span style=\"color: #28328c;\"><strong>2.3 RANTES\/CCL5 Expression regio 38\/39<\/strong><\/span><\/p><div><img loading=\"lazy\" decoding=\"async\" class=\"alignnone wp-image-2559 size-full\" src=\"https:\/\/icosim.de\/es\/wp-content\/uploads\/2020\/11\/Rantes-jawbone.png\" alt=\"\" width=\"480\" height=\"360\" srcset=\"https:\/\/icosim.de\/es\/wp-content\/uploads\/sites\/9\/2020\/11\/Rantes-jawbone.png 480w, https:\/\/icosim.de\/es\/wp-content\/uploads\/sites\/9\/2020\/11\/Rantes-jawbone-300x225.png 300w\" sizes=\"auto, (max-width: 480px) 100vw, 480px\" \/><\/div><p><strong>Warum Eliminierung der RANTES\/CCL5 Quellen bei der Gammopathie-Grunderkrankung des Patienten?<\/strong><\/p><p>Eine kurze Suche in Google-Scholar mit <strong><em>\u201c<\/em><\/strong><strong><em>Gammopathie AND rantes ccl5\u201c<\/em><\/strong> zeigt zur synonymen Erkrankung <a href=\"https:\/\/flexikon.doccheck.com\/de\/Morbus_Waldenstr%C3%B6m\"><strong>Morbus Waldenstr\u00f6m<\/strong><\/a> (bei insgesamt 125 Ergebnissen!)<\/p><ul><li><a href=\"http:\/\/scholar.google.com\/scholar_url?url=https%3A%2F%2Fashpublications.org%2Fblood%2Farticle-abstract%2F112%2F11%2F618%2F62761&amp;hl=de&amp;sa=T&amp;ct=res&amp;cd=0&amp;d=5060758227090155486&amp;ei=NC22X5fzNYrOmgGuq7GoAQ&amp;scisig=AAGBfm1ztJUPLf6H4xWT_8s59n1juzt0kQ&amp;nossl=1&amp;ws=1920x962&amp;at=Comprehensive%20analysis%20of%20the%20Waldenstrom%20Macroglobulinemia%20%E2%80%9CCytokine%20Milieu%E2%80%9D%20reveals%20a%20novel%20role%20of%20Rantes%20signaling%20in%20the%20regulation%20of%20immunoglobulin%20%E2%80%A6\">Comprehensive analysis of the Waldenstrom Macroglobulinemia \u201cCytokine Milieu\u201d reveals a novel role of <strong>Rantes <\/strong>signaling in the regulation of immunoglobulin (\u2026)<\/a><\/li><\/ul><p style=\"padding-left: 30px;\"><span style=\"text-decoration: underline;\"><a href=\"https:\/\/scholar.google.com\/citations?user=EkbbE0wAAAAJ&amp;hl=de&amp;oi=sra\">SF Elsawa<\/a><\/span>, AJ Novak, SC Ziesmer, LL Almada\u2026 &#8211; 2008 &#8211; ashpublications.org<\/p><p style=\"padding-left: 30px;\">(\u2026) We found that <strong>Rantes<\/strong>\/<strong>CCL5<\/strong> is significantly elevated in WM patients and (\u2026) malignancies including follicular lymphoma, chronic lymphocytic leukemia, monoclonal <strong>gammopathy<\/strong> of undetermined significance and multiple myeloma indicates that <strong>Rantes<\/strong> is elevated in (\u2026)<\/p><ul><li><a href=\"http:\/\/wmworkshop.org\/images\/Stockholm-2008\/CLM_2009n001.pdf\">Advances in the biology and treatment of Waldenstr\u00f6m&#8217;s macroglobulinemia: a report from the 5th International Workshop on Waldenstr\u00f6m&#8217;s Macroglobulinemia (\u2026)<\/a><\/li><\/ul><p style=\"padding-left: 30px;\">SP Treon, CJ Patterson, E Kimby, MJ Stone &#8211; 2009 &#8211; wmworkshop.org<\/p><p style=\"padding-left: 30px;\">(\u2026) Kyle et al1 and McMaster et al2 reported that monoclonal <strong>gammopathy<\/strong> of unknown significance (MGUS) of the IgM type is an important predisposition to symptomatic WM. (\u2026) presented data on elevated serum levels of <strong>Rantes<\/strong> (<strong>CCL5<\/strong>) in patients with WM (\u2026)<strong> <br \/><\/strong><\/p><h3><span style=\"color: #28328c;\"><strong><u>3. Therapie und Therapiekontrolle<\/u> <\/strong><\/span><\/h3><p><span style=\"color: #28328c;\"><strong>3.1 OPG Abschluss<\/strong><\/span><\/p><p><img loading=\"lazy\" decoding=\"async\" class=\"alignnone wp-image-2550 size-large\" src=\"https:\/\/icosim.de\/es\/wp-content\/uploads\/2020\/11\/Icosim-Weekly_Nov_OPG_2-1024x458.jpg\" alt=\"\" width=\"760\" height=\"340\" srcset=\"https:\/\/icosim.de\/es\/wp-content\/uploads\/sites\/9\/2020\/11\/Icosim-Weekly_Nov_OPG_2-1024x458.jpg 1024w, https:\/\/icosim.de\/es\/wp-content\/uploads\/sites\/9\/2020\/11\/Icosim-Weekly_Nov_OPG_2-300x134.jpg 300w, https:\/\/icosim.de\/es\/wp-content\/uploads\/sites\/9\/2020\/11\/Icosim-Weekly_Nov_OPG_2-768x343.jpg 768w, https:\/\/icosim.de\/es\/wp-content\/uploads\/sites\/9\/2020\/11\/Icosim-Weekly_Nov_OPG_2.jpg 1882w\" sizes=\"auto, (max-width: 760px) 100vw, 760px\" \/><\/p><p style=\"padding-left: 30px;\"><span style=\"text-decoration: underline;\">Abb 3:<\/span> 2D-OPG nach operativer Sanierung und Ersatz endodontisch behandelter Z\u00e4hne mit Keramik-Sofortimplantaten.<\/p><p><span style=\"color: #28328c;\"><strong>3.2 CaviTAU\u00ae &#8211; POST Abschluss<\/strong><\/span><\/p><p style=\"padding-left: 30px;\">Die Frage zu einer <strong>sorgfaltsgem\u00e4\u00dfen Therapiekontrolle<\/strong> lautet: \u201e<strong><em>Sind die operierten Gebiete so ausgeheilt, dass die inflammatorischen RANTES\/CCL5 Signale eliminiert sind\u201c? <\/em><\/strong><\/p><p style=\"padding-left: 30px;\">Zur strahlungsfreien Beantwortung \u00a0dieser Frage (Tumorfall!) wurde CaviTAU\u00ae entwickelt und stellt sich in diesem Fall in Abbildung dar.<\/p><p><strong><img loading=\"lazy\" decoding=\"async\" class=\"alignnone wp-image-2568 size-large\" src=\"https:\/\/icosim.de\/es\/wp-content\/uploads\/2020\/11\/Icosim-Weekly_Nov_WB-CaviTAU-2-1024x615.jpg\" alt=\"\" width=\"760\" height=\"456\" srcset=\"https:\/\/icosim.de\/es\/wp-content\/uploads\/sites\/9\/2020\/11\/Icosim-Weekly_Nov_WB-CaviTAU-2-1024x615.jpg 1024w, https:\/\/icosim.de\/es\/wp-content\/uploads\/sites\/9\/2020\/11\/Icosim-Weekly_Nov_WB-CaviTAU-2-300x180.jpg 300w, https:\/\/icosim.de\/es\/wp-content\/uploads\/sites\/9\/2020\/11\/Icosim-Weekly_Nov_WB-CaviTAU-2-768x461.jpg 768w\" sizes=\"auto, (max-width: 760px) 100vw, 760px\" \/><\/strong><\/p><p style=\"padding-left: 30px;\"><span style=\"text-decoration: underline;\">Abb 4:<\/span> CaviTAU\u00ae Kontrolle der medull\u00e4ren Ausheilung nach Sanierungsoperationen.<\/p><h3><span style=\"color: #28328c;\"><u><strong>4. Ergebnis f\u00fcr Patient<\/strong><\/u><\/span><\/h3><p>Nach Eliminierung aller chronisch toxischen (endodontisch behandelte Z\u00e4hne) und chronisch inflammatorischen Trigger (RANTES\/CCL5-Quelen in FDOK) ist das Ergebnis f\u00fcr den Patienten sehr erfreulich:<\/p><p><strong><u>Stillstand aller Gammopathie-Parameter. Keine weitere unkontrollierte <\/u><\/strong><a href=\"https:\/\/flexikon.doccheck.com\/de\/Proliferation\"><strong>Proliferation<\/strong><\/a> <a href=\"https:\/\/flexikon.doccheck.com\/de\/Maligne\"><strong>maligne<\/strong><\/a> <strong><u>transformierter <\/u><\/strong><a href=\"https:\/\/flexikon.doccheck.com\/de\/Plasmazelle\"><strong>Plasmazellen<\/strong><\/a> <strong>mehr!<\/strong><\/p><\/div>\n\t\t\t\t<\/div>\n\t\t\t\t<\/div>\n\t\t\t\t\t\t<\/div>\n\t\t\t<\/div>\n\t\t<\/div>\n\t\t\t\t\t\t<\/div>\n\t\t\t<\/div>\n\t\t<\/section>\n\t\t\t\t\t\t<\/div>\n\t\t\t<\/div>\n\t\t<\/div>\n\t\t","protected":false},"excerpt":{"rendered":"<p>Fallbericht zur prozessoptimierten Sanierung und Therapiekontrolle mit CaviTAU\u00ae Dieser kleine Beitrag zeigt eine diagnostische und therapeutische Zielsetzung, die innerhalb des vorherrschenden Systems einer auf klar definierte Reparatur- und Ersatzma\u00dfnahmen fokussierten Zahn-, Mund- und Kieferheilkunde bislang wenig Beachtung findet. Eine komplement\u00e4rmedizinische prozessoptimierte Sanierung und Therapiekontrolle mit der Messung der Knochendichte mit dem Ultraschallger\u00e4t CaviTAU\u00ae soll diese [&hellip;]<\/p>\n","protected":false},"author":1,"featured_media":0,"comment_status":"open","ping_status":"open","sticky":false,"template":"","format":"standard","meta":{"footnotes":""},"categories":[1,52],"tags":[],"class_list":["post-2532","post","type-post","status-publish","format-standard","hentry","category-allgemein","category-weekly"],"_links":{"self":[{"href":"https:\/\/icosim.de\/es\/wp-json\/wp\/v2\/posts\/2532","targetHints":{"allow":["GET"]}}],"collection":[{"href":"https:\/\/icosim.de\/es\/wp-json\/wp\/v2\/posts"}],"about":[{"href":"https:\/\/icosim.de\/es\/wp-json\/wp\/v2\/types\/post"}],"author":[{"embeddable":true,"href":"https:\/\/icosim.de\/es\/wp-json\/wp\/v2\/users\/1"}],"replies":[{"embeddable":true,"href":"https:\/\/icosim.de\/es\/wp-json\/wp\/v2\/comments?post=2532"}],"version-history":[{"count":33,"href":"https:\/\/icosim.de\/es\/wp-json\/wp\/v2\/posts\/2532\/revisions"}],"predecessor-version":[{"id":2611,"href":"https:\/\/icosim.de\/es\/wp-json\/wp\/v2\/posts\/2532\/revisions\/2611"}],"wp:attachment":[{"href":"https:\/\/icosim.de\/es\/wp-json\/wp\/v2\/media?parent=2532"}],"wp:term":[{"taxonomy":"category","embeddable":true,"href":"https:\/\/icosim.de\/es\/wp-json\/wp\/v2\/categories?post=2532"},{"taxonomy":"post_tag","embeddable":true,"href":"https:\/\/icosim.de\/es\/wp-json\/wp\/v2\/tags?post=2532"}],"curies":[{"name":"wp","href":"https:\/\/api.w.org\/{rel}","templated":true}]}}