{"id":2376,"date":"2020-11-09T14:41:43","date_gmt":"2020-11-09T13:41:43","guid":{"rendered":"http:\/\/icosim.de\/es\/?p=2376"},"modified":"2025-06-16T07:10:18","modified_gmt":"2025-06-16T05:10:18","slug":"brandneues-kavitaeten-buch-von-dr-dr-phd-ucn-med-dent-johann-lechner","status":"publish","type":"post","link":"https:\/\/icosim.de\/es\/brandneues-kavitaeten-buch-von-dr-dr-phd-ucn-med-dent-johann-lechner\/","title":{"rendered":"NUEVO LIBRO SOBRE CAVIDADES del Dr. Dr. (PhD-UCN) med. dent. Johann Lechner"},"content":{"rendered":"\t\t<div data-elementor-type=\"post\" data-elementor-id=\"2376\" class=\"elementor elementor-2376\" data-elementor-settings=\"[]\">\n\t\t\t<div class=\"elementor-inner\">\n\t\t\t\t<div class=\"elementor-section-wrap\">\n\t\t\t\t\t\t\t<section data-id=\"4be2c09\" class=\"elementor-element elementor-element-4be2c09 elementor-section-boxed elementor-section-height-default elementor-section-height-default elementor-section elementor-top-section\" data-element_type=\"section\">\n\t\t\t\t\t\t<div class=\"elementor-container elementor-column-gap-default\">\n\t\t\t\t<div class=\"elementor-row\">\n\t\t\t\t<div data-id=\"c176195\" class=\"elementor-element elementor-element-c176195 elementor-column elementor-col-100 elementor-top-column\" data-element_type=\"column\">\n\t\t\t<div class=\"elementor-column-wrap  elementor-element-populated\">\n\t\t\t\t\t<div class=\"elementor-widget-wrap\">\n\t\t\t\t<div data-id=\"9f3bcf3\" class=\"elementor-element elementor-element-9f3bcf3 elementor-widget elementor-widget-heading\" data-element_type=\"heading.default\">\n\t\t\t\t<div class=\"elementor-widget-container\">\n\t\t\t<h2 class=\"elementor-heading-title elementor-size-default\">Visualisierung der kavit\u00e4tenbildenden Osteolysen im Kieferknochen mit Sonographie<\/h2>\t\t<\/div>\n\t\t\t\t<\/div>\n\t\t\t\t\t\t<\/div>\n\t\t\t<\/div>\n\t\t<\/div>\n\t\t\t\t\t\t<\/div>\n\t\t\t<\/div>\n\t\t<\/section>\n\t\t\t\t<section data-id=\"925981d\" class=\"elementor-element elementor-element-925981d elementor-section-boxed elementor-section-height-default elementor-section-height-default elementor-section elementor-top-section\" data-element_type=\"section\">\n\t\t\t\t\t\t<div class=\"elementor-container elementor-column-gap-default\">\n\t\t\t\t<div class=\"elementor-row\">\n\t\t\t\t<div data-id=\"8958780\" class=\"elementor-element elementor-element-8958780 elementor-column elementor-col-50 elementor-top-column\" data-element_type=\"column\">\n\t\t\t<div class=\"elementor-column-wrap  elementor-element-populated\">\n\t\t\t\t\t<div class=\"elementor-widget-wrap\">\n\t\t\t\t<div data-id=\"2a092d8\" class=\"elementor-element elementor-element-2a092d8 elementor-widget elementor-widget-image\" data-element_type=\"image.default\">\n\t\t\t\t<div class=\"elementor-widget-container\">\n\t\t\t\t\t<div class=\"elementor-image\">\n\t\t\t\t\t\t\t\t\t\t<img loading=\"lazy\" decoding=\"async\" width=\"252\" height=\"300\" src=\"https:\/\/icosim.de\/es\/wp-content\/uploads\/sites\/9\/2020\/11\/UmschlagLechner_KieferSono_Band4-768x914-252x300.jpg\" class=\"attachment-medium size-medium\" alt=\"\" srcset=\"https:\/\/icosim.de\/es\/wp-content\/uploads\/sites\/9\/2020\/11\/UmschlagLechner_KieferSono_Band4-768x914-252x300.jpg 252w, https:\/\/icosim.de\/es\/wp-content\/uploads\/sites\/9\/2020\/11\/UmschlagLechner_KieferSono_Band4-768x914.jpg 768w\" sizes=\"auto, (max-width: 252px) 100vw, 252px\" \/>\t\t\t\t\t\t\t\t\t\t\t<\/div>\n\t\t\t\t<\/div>\n\t\t\t\t<\/div>\n\t\t\t\t\t\t<\/div>\n\t\t\t<\/div>\n\t\t<\/div>\n\t\t\t\t<div data-id=\"219a754\" class=\"elementor-element elementor-element-219a754 elementor-column elementor-col-50 elementor-top-column\" data-element_type=\"column\">\n\t\t\t<div class=\"elementor-column-wrap  elementor-element-populated\">\n\t\t\t\t\t<div class=\"elementor-widget-wrap\">\n\t\t\t\t<div data-id=\"2d414d2\" class=\"elementor-element elementor-element-2d414d2 elementor-widget elementor-widget-text-editor\" data-element_type=\"text-editor.default\">\n\t\t\t\t<div class=\"elementor-widget-container\">\n\t\t\t\t\t<div class=\"elementor-text-editor elementor-clearfix\"><p><strong>Was zeigt dieser Band IV<\/strong> auf 304 Seiten?<\/p><p>Band IV beschreibt eine <strong>strahlungsfreie Bildgebung zur Maxillo-mandibul\u00e4ren Osteoimmunologie<\/strong> und stellt mit <strong>CaviTAU\u00ae Messbildern<\/strong> die bisher umstrittenen Knochenmarksdefekte im Kiefer endlich <strong>objektiv sichtbar &amp; nachvollziehbar<\/strong> dar.<\/p><ul><li>Mit mehr als 200 mehrfarbigen Abbildungen zur Interpretation der CaviTAU\u00ae Ultraschallmessungen zur Knochendichte im Kiefer<\/li><li>\u00dcber 560 Literaturzitate zum wissenschaftlichen Hintergrund<\/li><\/ul><\/div>\n\t\t\t\t<\/div>\n\t\t\t\t<\/div>\n\t\t\t\t\t\t<\/div>\n\t\t\t<\/div>\n\t\t<\/div>\n\t\t\t\t\t\t<\/div>\n\t\t\t<\/div>\n\t\t<\/section>\n\t\t\t\t<section data-id=\"bbc0d4c\" class=\"elementor-element elementor-element-bbc0d4c elementor-section-boxed elementor-section-height-default elementor-section-height-default elementor-section elementor-top-section\" data-element_type=\"section\">\n\t\t\t\t\t\t<div class=\"elementor-container elementor-column-gap-default\">\n\t\t\t\t<div class=\"elementor-row\">\n\t\t\t\t<div data-id=\"f303bd7\" class=\"elementor-element elementor-element-f303bd7 elementor-column elementor-col-100 elementor-top-column\" data-element_type=\"column\">\n\t\t\t<div class=\"elementor-column-wrap  elementor-element-populated\">\n\t\t\t\t\t<div class=\"elementor-widget-wrap\">\n\t\t\t\t<div data-id=\"7f1054a\" class=\"elementor-element elementor-element-7f1054a elementor-widget elementor-widget-text-editor\" data-element_type=\"text-editor.default\">\n\t\t\t\t<div class=\"elementor-widget-container\">\n\t\t\t\t\t<div class=\"elementor-text-editor elementor-clearfix\"><p>Nach Band I in 2011, Band II in 2015, Band III in 2019 in der Reihe \u201eKavit\u00e4tenbildende Osteolysen des Kieferknochens\u201c erscheint nun 2020 Band IV.<\/p><p>Diese vier B\u00fccher des Autors Dr.Dr.(PhD-UCN) J. Lechner unter Mitarbeit von Prof. JE. Bouquot und Dr. V.von Baehr mit zusammen mehr als 800 farbigen Abbildungen und \u00fcber 1.500 Literaturzitaten begr\u00fcnden auf 1.100 Seiten den neuen Therapie- und Forschungszweig einer <strong>\u201eMaxillo-Mandibul\u00e4ren Osteoimmunologie\u201c<\/strong>.<\/p><p>Weit \u00fcber jede R\u00f6ntgendiagnostik hinausreichen, beschreibt Band IV im Detail das in Deutschland neuentwickelte <strong>Ultraschallger\u00e4t CaviTAU\u00ae<\/strong> zur Visualisierung der kavit\u00e4tenbildenden Osteolysen im Kieferknochen.<\/p><p><strong>Bestellen Sie jetzt das brandneue Buch in unserem Online Shop!<\/strong><\/p><p>Die Inhalts\u00fcbersicht des Buches finden Sie hier: <a href=\"http:\/\/www.cavitau.de\/wp-content\/uploads\/2020\/11\/Inhaltsverzeichnis_Logo-Lechner-Praxis.pdf\" target=\"_blank\" rel=\"noopener\">Inhaltsverzeichnis_Kavit\u00e4ten Band IV<\/a><\/p><\/div>\n\t\t\t\t<\/div>\n\t\t\t\t<\/div>\n\t\t\t\t<div data-id=\"5d94e6e\" class=\"elementor-element elementor-element-5d94e6e elementor-align-center elementor-widget elementor-widget-button\" data-element_type=\"button.default\">\n\t\t\t\t<div class=\"elementor-widget-container\">\n\t\t\t\t\t<div class=\"elementor-button-wrapper\">\n\t\t\t<a href=\"https:\/\/shop.cavitau.de\/Literatur?product_id=89\" class=\"elementor-button-link elementor-button elementor-size-md\" role=\"button\">\n\t\t\t\t\t\t<span class=\"elementor-button-content-wrapper\">\n\t\t\t\t\t\t<span class=\"elementor-button-text\">Jetzt bestellen<\/span>\n\t\t<\/span>\n\t\t\t\t\t<\/a>\n\t\t<\/div>\n\t\t\t\t<\/div>\n\t\t\t\t<\/div>\n\t\t\t\t\t\t<\/div>\n\t\t\t<\/div>\n\t\t<\/div>\n\t\t\t\t\t\t<\/div>\n\t\t\t<\/div>\n\t\t<\/section>\n\t\t\t\t\t\t<\/div>\n\t\t\t<\/div>\n\t\t<\/div>\n\t\t","protected":false},"excerpt":{"rendered":"<p>Visualisierung der kavit\u00e4tenbildenden Osteolysen im Kieferknochen mit Sonographie Was zeigt dieser Band IV auf 304 Seiten? Band IV beschreibt eine strahlungsfreie Bildgebung zur Maxillo-mandibul\u00e4ren Osteoimmunologie und stellt mit CaviTAU\u00ae Messbildern die bisher umstrittenen Knochenmarksdefekte im Kiefer endlich objektiv sichtbar &amp; nachvollziehbar dar. Mit mehr als 200 mehrfarbigen Abbildungen zur Interpretation der CaviTAU\u00ae Ultraschallmessungen zur Knochendichte [&hellip;]<\/p>\n","protected":false},"author":1,"featured_media":0,"comment_status":"closed","ping_status":"closed","sticky":false,"template":"","format":"standard","meta":{"footnotes":""},"categories":[1,51],"tags":[],"class_list":["post-2376","post","type-post","status-publish","format-standard","hentry","category-allgemein","category-news"],"_links":{"self":[{"href":"https:\/\/icosim.de\/es\/wp-json\/wp\/v2\/posts\/2376","targetHints":{"allow":["GET"]}}],"collection":[{"href":"https:\/\/icosim.de\/es\/wp-json\/wp\/v2\/posts"}],"about":[{"href":"https:\/\/icosim.de\/es\/wp-json\/wp\/v2\/types\/post"}],"author":[{"embeddable":true,"href":"https:\/\/icosim.de\/es\/wp-json\/wp\/v2\/users\/1"}],"replies":[{"embeddable":true,"href":"https:\/\/icosim.de\/es\/wp-json\/wp\/v2\/comments?post=2376"}],"version-history":[{"count":11,"href":"https:\/\/icosim.de\/es\/wp-json\/wp\/v2\/posts\/2376\/revisions"}],"predecessor-version":[{"id":6219,"href":"https:\/\/icosim.de\/es\/wp-json\/wp\/v2\/posts\/2376\/revisions\/6219"}],"wp:attachment":[{"href":"https:\/\/icosim.de\/es\/wp-json\/wp\/v2\/media?parent=2376"}],"wp:term":[{"taxonomy":"category","embeddable":true,"href":"https:\/\/icosim.de\/es\/wp-json\/wp\/v2\/categories?post=2376"},{"taxonomy":"post_tag","embeddable":true,"href":"https:\/\/icosim.de\/es\/wp-json\/wp\/v2\/tags?post=2376"}],"curies":[{"name":"wp","href":"https:\/\/api.w.org\/{rel}","templated":true}]}}